{"id":136202,"date":"2025-11-13T13:42:42","date_gmt":"2025-11-13T18:42:42","guid":{"rendered":"https:\/\/formalprision.com\/?p=136202"},"modified":"2025-11-13T22:58:52","modified_gmt":"2025-11-14T03:58:52","slug":"renacimiento-maya-devuelve-la-obra-publica-a-colonias-municipios-y-comisarias-de-yucatan","status":"publish","type":"post","link":"https:\/\/formalprision.com\/?p=136202","title":{"rendered":"Renacimiento Maya devuelve la obra p\u00fablica a colonias, municipios y comisar\u00edas de Yucat\u00e1n"},"content":{"rendered":"\n<p>&nbsp;M\u00e9rida, Yucat\u00e1n, a 13 de noviembre de 2025.-El&nbsp;gobernador Joaqu\u00edn D\u00edaz Mena&nbsp;afirm\u00f3 que su gobierno ha devuelto la obra p\u00fablica a las colonias de M\u00e9rida, a los municipios y a las comisar\u00edas, garantizando que los trabajos lleguen a donde m\u00e1s se necesitan y que&nbsp;se escuche directamente a la gente.<br>&nbsp;<br>Este a\u00f1o, el&nbsp;Gobierno de Yucat\u00e1n ejecuta m\u00e1s de 3 mil millones de pesos en obra p\u00fablica, mediante proyectos de car\u00e1cter social, as\u00ed como en infraestructura&nbsp;carretera, educativa, de agua, saneamiento y vivienda, con el prop\u00f3sito de impulsar el&nbsp;desarrollo integral y equitativo en todo el estado.<br>&nbsp;<br>\u00abNuestro objetivo es que para enero de 2026 en cada municipio haya una obra en beneficio de su comunidad. Seguiremos demostrando con hechos que el Renacimiento Maya se construye con acci\u00f3n, justicia y trabajo para todos\u00bb,&nbsp;se\u00f1al\u00f3 el Gobernador D\u00edaz Mena.<br>&nbsp;<br>Durante su conferencia de prensa matutina,&nbsp;el mandatario anunci\u00f3&nbsp;que en los pr\u00f3ximos d\u00edas iniciar\u00e1 la construcci\u00f3n de los&nbsp;Pilares Renacimiento Maya, espacios comunitarios dise\u00f1ados para&nbsp;fortalecer el tejido social, reducir desigualdades y promover comunidades m\u00e1s unidas y con mayores oportunidades.<br>&nbsp;<br>Adelant\u00f3&nbsp;que este proyecto comenzar\u00e1&nbsp;en el sur de M\u00e9rida y en los municipios de Izamal y Temoz\u00f3n, y record\u00f3 que estas obras est\u00e1n inspiradas en el modelo impulsado por la&nbsp;Presidenta Claudia Sheinbaum Pardo en la Ciudad de M\u00e9xico.<br>&nbsp;<br>En los Pilares Renacimiento Maya, las personas podr\u00e1n participar de manera gratuita en actividades culturales, deportivas y educativas, adem\u00e1s de aprender oficios, utilizar tecnolog\u00eda y estudiar en l\u00ednea, fomentando as\u00ed el desarrollo integral y la inclusi\u00f3n social. D\u00edaz Mena destac\u00f3 que, a trav\u00e9s del Plan Bienestar para M\u00e9rida, se realiza la conservaci\u00f3n y reconstrucci\u00f3n de calles en colonias de la capital yucateca.<br>&nbsp;<br>Adem\u00e1s,&nbsp;se est\u00e1n rehabilitando carreteras que llevaban d\u00e9cadas en el abandono, como la&nbsp;Xocchel\u2013Sahcab\u00e1&nbsp;y la&nbsp;Emiliano Zapata\u2013Xul, y&nbsp;se est\u00e1n abriendo caminos saca cosecha&nbsp;para apoyar al campo y mejorar la vida de las familias productoras.<br>&nbsp;<br>En materia de&nbsp;infraestructura educativa, indic\u00f3 que se invertir\u00e1&nbsp;m\u00e1s de 43 millones de pesos&nbsp;en la construcci\u00f3n de comedores escolares, con el fin de garantizar que&nbsp;las ni\u00f1as y los ni\u00f1os cuenten con espacios dignos donde alimentarse.<br>&nbsp;<br>Asimismo, se est\u00e1n destinando&nbsp;m\u00e1s de 500 millones de pesos&nbsp;para mejorar escuelas de todos los niveles, mediante la&nbsp;construcci\u00f3n de aulas, ba\u00f1os y domos, entre otras obras. Este mismo a\u00f1o iniciar\u00e1 la&nbsp;construcci\u00f3n de la Universidad Rosario Castellanos en Kanas\u00edn, con el fin de&nbsp;acercar la educaci\u00f3n superior a m\u00e1s j\u00f3venes.<br>&nbsp;<\/p>\n","protected":false},"excerpt":{"rendered":"<p>&nbsp;M\u00e9rida, Yucat\u00e1n, a 13 de noviembre de 2025.-El&nbsp;gobernador Joaqu\u00edn D\u00edaz Mena&nbsp;afirm\u00f3 que su gobierno ha devuelto la obra p\u00fablica a las colonias de M\u00e9rida, a los municipios y a las<\/p>\n","protected":false},"author":1,"featured_media":136203,"comment_status":"open","ping_status":"open","sticky":false,"template":"","format":"standard","meta":{"jetpack_post_was_ever_published":false,"_jetpack_newsletter_access":"","_jetpack_dont_email_post_to_subs":false,"_jetpack_newsletter_tier_id":0,"_jetpack_memberships_contains_paywalled_content":false,"_jetpack_memberships_contains_paid_content":false,"footnotes":"","jetpack_publicize_message":"","jetpack_publicize_feature_enabled":true,"jetpack_social_post_already_shared":true,"jetpack_social_options":{"image_generator_settings":{"template":"highway","default_image_id":0,"font":"","enabled":false},"version":2}},"categories":[54],"tags":[],"class_list":["post-136202","post","type-post","status-publish","format-standard","has-post-thumbnail","hentry","category-yucatan"],"jetpack_publicize_connections":[],"jetpack_featured_media_url":"https:\/\/formalprision.com\/wp-content\/uploads\/2025\/11\/IMG-20251113-WA0027.jpg","jetpack_sharing_enabled":true,"jetpack_shortlink":"https:\/\/wp.me\/p6id8p-zqO","_links":{"self":[{"href":"https:\/\/formalprision.com\/index.php?rest_route=\/wp\/v2\/posts\/136202","targetHints":{"allow":["GET"]}}],"collection":[{"href":"https:\/\/formalprision.com\/index.php?rest_route=\/wp\/v2\/posts"}],"about":[{"href":"https:\/\/formalprision.com\/index.php?rest_route=\/wp\/v2\/types\/post"}],"author":[{"embeddable":true,"href":"https:\/\/formalprision.com\/index.php?rest_route=\/wp\/v2\/users\/1"}],"replies":[{"embeddable":true,"href":"https:\/\/formalprision.com\/index.php?rest_route=%2Fwp%2Fv2%2Fcomments&post=136202"}],"version-history":[{"count":1,"href":"https:\/\/formalprision.com\/index.php?rest_route=\/wp\/v2\/posts\/136202\/revisions"}],"predecessor-version":[{"id":136204,"href":"https:\/\/formalprision.com\/index.php?rest_route=\/wp\/v2\/posts\/136202\/revisions\/136204"}],"wp:featuredmedia":[{"embeddable":true,"href":"https:\/\/formalprision.com\/index.php?rest_route=\/wp\/v2\/media\/136203"}],"wp:attachment":[{"href":"https:\/\/formalprision.com\/index.php?rest_route=%2Fwp%2Fv2%2Fmedia&parent=136202"}],"wp:term":[{"taxonomy":"category","embeddable":true,"href":"https:\/\/formalprision.com\/index.php?rest_route=%2Fwp%2Fv2%2Fcategories&post=136202"},{"taxonomy":"post_tag","embeddable":true,"href":"https:\/\/formalprision.com\/index.php?rest_route=%2Fwp%2Fv2%2Ftags&post=136202"}],"curies":[{"name":"wp","href":"https:\/\/api.w.org\/{rel}","templated":true}]}}