{"id":136227,"date":"2025-11-14T21:25:56","date_gmt":"2025-11-15T02:25:56","guid":{"rendered":"https:\/\/formalprision.com\/?p=136227"},"modified":"2025-11-14T22:31:18","modified_gmt":"2025-11-15T03:31:18","slug":"inaugura-cecilia-patron-la-segunda-ludoteca-municipal-un-espacio-para-ninos-y-adolescentes","status":"publish","type":"post","link":"https:\/\/formalprision.com\/?p=136227","title":{"rendered":"Inaugura Cecilia Patr\u00f3n la segunda Ludoteca Municipal, un espacio para ni\u00f1os y adolescentes"},"content":{"rendered":"\n<p>M\u00c9RIDA, Yucat\u00e1n.- En M\u00e9rida seguimos creando espacios inclusivos donde se impulsa y fomenta la creatividad, el pensamiento cr\u00edtico y el aprendizaje a trav\u00e9s del juego, afirm\u00f3 la presidenta municipal Cecilia Patr\u00f3n Laviada, al inaugurar la segunda Ludoteca Municipal, \u00abEl Mundo de los Libros\u00bb, en el fraccionamiento Pol\u00edgono 108 Itzimn\u00e1.<\/p>\n\n\n\n<p>\u00abDesde que comenzamos a cuidar de M\u00e9rida, nos comprometimos a mejorar tambi\u00e9n el bienestar de su gente trabajando por una ciudad m\u00e1s justa y equitativa y de esta manera crear un entorno m\u00e1s pr\u00f3spero y seguro para nuestras infancias y adolescencias\u00bb, dijo la mun\u00edcipe.<\/p>\n\n\n\n<p>El centro recreativo cuenta con cuatro estaciones tem\u00e1ticas que estimulan distintas habilidades: Arte, para explorar la imaginaci\u00f3n y la expresi\u00f3n pl\u00e1stica; Lectura, para despertar la curiosidad y el amor por los libros; Ciencia y Tecnolog\u00eda, para despertar la curiosidad que se convierte en descubrimiento, y Juegos y Construcci\u00f3n, que fortalecen la colaboraci\u00f3n y el pensamiento l\u00f3gico de las infancias.<\/p>\n\n\n\n<p>Adem\u00e1s, ofrecer\u00e1 un Taller de Expresi\u00f3n Art\u00edstica dirigido a todas las personas a partir de los 8 a\u00f1os, sin l\u00edmite de edad, para quienes deseen desarrollar su lado creativo.<\/p>\n\n\n\n<p>El lugar abre de lunes a viernes, en horario de 12:00 p.m. a 7:00 p.m. y est\u00e1 dirigido a todas las edades.<\/p>\n\n\n\n<p>La presidenta municipal mencion\u00f3 que con este espacio el Ayuntamiento de M\u00e9rida va de la mano con la Red Global de Ciudades de Aprendizaje de la UNESCO, al innovar con programas educativos como M\u00e9rida Campus Digital donde los j\u00f3venes tienen acceso gratuito a clases de ingl\u00e9s, asesor\u00edas en nutrici\u00f3n y apoyo en su rendimiento escolar con Refuerza, los Centros emprende; as\u00ed como apoyos directos de becas y cursos proped\u00e9uticos.<\/p>\n\n\n\n<p>\u00abCon acciones como esta, forjamos una ciudad en donde puedan vivir con justicia social\u00bb, expres\u00f3 la alcaldesa e invit\u00f3 a las familias a visitar el espacio y disfrutar de las actividades y juegos que se ofrecen.<\/p>\n\n\n\n<p>Asimismo ser\u00e1 de gran apoyo para las familias, especialmente para las madres, ya que mientras sus hijos e hijas aprenden y se divierten en un lugar seguro ellas pueden aprovechar su tiempo para realizar otras actividades.<\/p>\n\n\n\n<p>Por su parte, Jes\u00fas P\u00e9rez Ballote, director de Bienestar Humano, inform\u00f3 que este espacio tuvo que cerrar por la pandemia, pero gracias al esfuerzo conjunto entre el Ayuntamiento y las y los vecinos de la zona se logr\u00f3 rehabilitar y ahora es un sitio donde ni\u00f1as, ni\u00f1os, j\u00f3venes y adultos pueden aprender, crear y disfrutar en comunidad.<\/p>\n\n\n\n<p>Tambi\u00e9n se dio a conocer que los Vecinos Vigilantes de \u201cLa Biblioteca\u201d ganaron el primer lugar en el concurso de frentes limpios que organiz\u00f3 el Ayuntamiento de M\u00e9rida.<\/p>\n\n\n\n<p>Adem\u00e1s, el parque ahora cuenta con nueva iluminaci\u00f3n LED y se realiz\u00f3 la restauraci\u00f3n de pintura de la cancha deportiva.<\/p>\n\n\n\n<p>Como parte de la celebraci\u00f3n, la Direcci\u00f3n de Desarrollo Social y Combate a la Pobreza, que encabeza Arturo Le\u00f3n Itz\u00e1, llev\u00f3 al parque la \u201cDivertiferia\u201d para promover la cohesi\u00f3n social en la colonia.<\/p>\n\n\n\n<p>La primera Ludoteca Municipal \u201cLa Magia de los Libros\u201d se ubica en la Calle 88 A por calle 141 y calle 143 de la colonia Emiliano Zapata Sur. Este centro est\u00e1 dirigido a ni\u00f1as, ni\u00f1os y adolescentes de 6 a 12 a\u00f1os de edad que viven en las colonias del sur de M\u00e9rida.<\/p>\n\n\n\n<p>De esta manera, el Ayuntamiento cumple su compromiso de continuar creando espacios dignos y funcionales para todas las personas, en especial para los ni\u00f1os y adolescentes de M\u00e9rida y sus comisar\u00edas.<\/p>\n\n\n\n<p>Asistieron al evento las diputadas Zacil M\u00e9ndez Hern\u00e1ndez y Mar\u00eda Teresa Boehm Calero, y el director de Servicios P\u00fablicos, Luis Jorge Montalvo Duarte.<\/p>\n","protected":false},"excerpt":{"rendered":"<p>M\u00c9RIDA, Yucat\u00e1n.- En M\u00e9rida seguimos creando espacios inclusivos donde se impulsa y fomenta la creatividad, el pensamiento cr\u00edtico y el aprendizaje a trav\u00e9s del juego, afirm\u00f3 la presidenta municipal Cecilia<\/p>\n","protected":false},"author":2,"featured_media":136229,"comment_status":"open","ping_status":"open","sticky":false,"template":"","format":"standard","meta":{"jetpack_post_was_ever_published":false,"_jetpack_newsletter_access":"","_jetpack_dont_email_post_to_subs":false,"_jetpack_newsletter_tier_id":0,"_jetpack_memberships_contains_paywalled_content":false,"_jetpack_memberships_contains_paid_content":false,"footnotes":"","jetpack_publicize_message":"","jetpack_publicize_feature_enabled":true,"jetpack_social_post_already_shared":true,"jetpack_social_options":{"image_generator_settings":{"template":"highway","default_image_id":0,"font":"","enabled":false},"version":2}},"categories":[1],"tags":[],"class_list":["post-136227","post","type-post","status-publish","format-standard","has-post-thumbnail","hentry","category-sin-categoria"],"jetpack_publicize_connections":[],"jetpack_featured_media_url":"https:\/\/formalprision.com\/wp-content\/uploads\/2025\/11\/WhatsApp-Image-2025-11-14-at-7.52.25-PM.jpeg","jetpack_sharing_enabled":true,"jetpack_shortlink":"https:\/\/wp.me\/p6id8p-zrd","_links":{"self":[{"href":"https:\/\/formalprision.com\/index.php?rest_route=\/wp\/v2\/posts\/136227","targetHints":{"allow":["GET"]}}],"collection":[{"href":"https:\/\/formalprision.com\/index.php?rest_route=\/wp\/v2\/posts"}],"about":[{"href":"https:\/\/formalprision.com\/index.php?rest_route=\/wp\/v2\/types\/post"}],"author":[{"embeddable":true,"href":"https:\/\/formalprision.com\/index.php?rest_route=\/wp\/v2\/users\/2"}],"replies":[{"embeddable":true,"href":"https:\/\/formalprision.com\/index.php?rest_route=%2Fwp%2Fv2%2Fcomments&post=136227"}],"version-history":[{"count":1,"href":"https:\/\/formalprision.com\/index.php?rest_route=\/wp\/v2\/posts\/136227\/revisions"}],"predecessor-version":[{"id":136228,"href":"https:\/\/formalprision.com\/index.php?rest_route=\/wp\/v2\/posts\/136227\/revisions\/136228"}],"wp:featuredmedia":[{"embeddable":true,"href":"https:\/\/formalprision.com\/index.php?rest_route=\/wp\/v2\/media\/136229"}],"wp:attachment":[{"href":"https:\/\/formalprision.com\/index.php?rest_route=%2Fwp%2Fv2%2Fmedia&parent=136227"}],"wp:term":[{"taxonomy":"category","embeddable":true,"href":"https:\/\/formalprision.com\/index.php?rest_route=%2Fwp%2Fv2%2Fcategories&post=136227"},{"taxonomy":"post_tag","embeddable":true,"href":"https:\/\/formalprision.com\/index.php?rest_route=%2Fwp%2Fv2%2Ftags&post=136227"}],"curies":[{"name":"wp","href":"https:\/\/api.w.org\/{rel}","templated":true}]}}