{"id":136251,"date":"2025-11-15T20:05:40","date_gmt":"2025-11-16T01:05:40","guid":{"rendered":"https:\/\/formalprision.com\/?p=136251"},"modified":"2025-11-15T21:01:42","modified_gmt":"2025-11-16T02:01:42","slug":"con-gestion-de-cecilia-patron-vecinos-de-las-americas-recuperan-un-parque","status":"publish","type":"post","link":"https:\/\/formalprision.com\/?p=136251","title":{"rendered":"Con gesti\u00f3n de Cecilia Patr\u00f3n, vecinos de Las Am\u00e9ricas recuperan un parque"},"content":{"rendered":"\n<p>M\u00c9RIDA, Yucat\u00e1n.- La presidenta municipal de M\u00e9rida, Cecilia Patr\u00f3n Laviada, sostuvo un di\u00e1logo abierto y transparente con las familias del fraccionamiento Las Am\u00e9ricas, reafirmando el compromiso de su administraci\u00f3n de impulsar un gobierno cercano que escucha y atiende las necesidades de la poblaci\u00f3n.<\/p>\n\n\n\n<p>En atenci\u00f3n directa a las inquietudes de los vecinos de esa zona, la alcaldesa anunci\u00f3 la conservaci\u00f3n de un \u00e1rea verde ubicada en la calle 130 y 132 entre 57 y 57B, luego de alcanzar un acuerdo con el Colegio de M\u00e9dicos Generales de Yucat\u00e1n para revertir la donaci\u00f3n del predio originalmente destinado a este fin.<\/p>\n\n\n\n<p>\u201cCon este acuerdo, se garantiza que el espacio permanezca como \u00e1rea verde p\u00fablica por lo que tendr\u00e1 ese uso y destino en beneficio de los habitantes de esta zona\u201d, expuso.<\/p>\n\n\n\n<p>Cecilia Patr\u00f3n subray\u00f3 que este logro es resultado de un ejercicio de di\u00e1logo y participaci\u00f3n ciudadana que caracteriza el estilo de gobierno municipal.<\/p>\n\n\n\n<p>Como parte de los acuerdos, el Ayuntamiento realizar\u00e1 el cambio de luminarias de vapor de sodio a luminarias LED, colocar\u00e1 cuatro sillas confidentes \u201cT\u00fa y yo\u201d en lugares estrat\u00e9gicos del \u00e1rea verde, y colocar\u00e1 una bomba de riego donada por los mismos vecinos quienes se encargar\u00e1n de darle el mantenimiento a este espacio recreativo que ha sido cuidado con esmero por las familias que habitan a su alrededor. La Comuna tambi\u00e9n asumir\u00e1 la construcci\u00f3n del pozo y de la caseta correspondiente.<\/p>\n\n\n\n<p>Durante la reuni\u00f3n, vecinos e integrantes del comit\u00e9 vecinal de fraccionamiento las Am\u00e9ricas expresaron su reconocimiento a la presidenta municipal por su cercan\u00eda, liderazgo y disposici\u00f3n para construir espacios de di\u00e1logo, resaltando la importancia de la participaci\u00f3n ciudadana como eje rector para una mejor M\u00e9rida.<\/p>\n\n\n\n<p>La alcaldesa enfatiz\u00f3 que este tipo de acuerdos fortalecen la justicia social y el sentido de comunidad. \u201cAs\u00ed construimos una mejor M\u00e9rida: con cercan\u00eda, con trabajo en cada rinc\u00f3n de la ciudad y con acciones que mejoran la vida de la gente y fortalecen la cohesi\u00f3n social\u201d, declar\u00f3.<\/p>\n\n\n\n<figure class=\"wp-block-image size-full\"><a href=\"http:\/\/formalprision.com\/wp-content\/uploads\/2025\/11\/WhatsApp-Image-2025-11-15-at-6.08.11-PM.jpeg\"><img loading=\"lazy\" decoding=\"async\" width=\"900\" height=\"600\" src=\"http:\/\/formalprision.com\/wp-content\/uploads\/2025\/11\/WhatsApp-Image-2025-11-15-at-6.08.11-PM.jpeg\" alt=\"\" class=\"wp-image-136254\" srcset=\"https:\/\/formalprision.com\/wp-content\/uploads\/2025\/11\/WhatsApp-Image-2025-11-15-at-6.08.11-PM.jpeg 900w, https:\/\/formalprision.com\/wp-content\/uploads\/2025\/11\/WhatsApp-Image-2025-11-15-at-6.08.11-PM-300x200.jpeg 300w, https:\/\/formalprision.com\/wp-content\/uploads\/2025\/11\/WhatsApp-Image-2025-11-15-at-6.08.11-PM-768x512.jpeg 768w\" sizes=\"auto, (max-width: 900px) 100vw, 900px\" \/><\/a><\/figure>\n\n\n\n<p>Recalc\u00f3 que el derecho a la ciudad significa que cada meridano pueda habitarla, moverse, crecer y prosperar en igualdad de condiciones, sin importar d\u00f3nde viva o de d\u00f3nde venga.<\/p>\n\n\n\n<p>Asimismo, destac\u00f3 que esta resoluci\u00f3n es una muestra clara de su compromiso con la participaci\u00f3n activa de la ciudadan\u00eda, fortaleciendo la confianza entre la comunidad y el gobierno municipal.<\/p>\n\n\n\n<p>Finalmente, reiter\u00f3 la vocaci\u00f3n de su administraci\u00f3n de continuar cercana a los habitantes y escuchando sus inquietudes con el compromiso de siempre, brindar soluciones que permitan a M\u00e9rida avanzar y consolidarse como una ciudad inclusiva, equitativa y participativa, donde los espacios p\u00fablicos son protegidos y fortalecidos para el bienestar de todas y todos.<\/p>\n\n\n\n<p>En la reuni\u00f3n estuvieron presentes Carlos Carrillo Paredes, secretario de Atenci\u00f3n y Participaci\u00f3n Ciudadana; Aura Loza \u00c1lvarez, Luis Jorge Montalvo Duarte y Carmen Gonz\u00e1lez Mart\u00edn, directores de Catastro, Servicios P\u00fablicos Municipales y Gobernaci\u00f3n, respectivamente.<\/p>\n","protected":false},"excerpt":{"rendered":"<p>M\u00c9RIDA, Yucat\u00e1n.- La presidenta municipal de M\u00e9rida, Cecilia Patr\u00f3n Laviada, sostuvo un di\u00e1logo abierto y transparente con las familias del fraccionamiento Las Am\u00e9ricas, reafirmando el compromiso de su administraci\u00f3n de<\/p>\n","protected":false},"author":2,"featured_media":136253,"comment_status":"open","ping_status":"open","sticky":false,"template":"","format":"standard","meta":{"jetpack_post_was_ever_published":false,"_jetpack_newsletter_access":"","_jetpack_dont_email_post_to_subs":false,"_jetpack_newsletter_tier_id":0,"_jetpack_memberships_contains_paywalled_content":false,"_jetpack_memberships_contains_paid_content":false,"footnotes":"","jetpack_publicize_message":"","jetpack_publicize_feature_enabled":true,"jetpack_social_post_already_shared":true,"jetpack_social_options":{"image_generator_settings":{"template":"highway","default_image_id":0,"font":"","enabled":false},"version":2}},"categories":[54],"tags":[],"class_list":["post-136251","post","type-post","status-publish","format-standard","has-post-thumbnail","hentry","category-yucatan"],"jetpack_publicize_connections":[],"jetpack_featured_media_url":"https:\/\/formalprision.com\/wp-content\/uploads\/2025\/11\/WhatsApp-Image-2025-11-15-at-6.08.10-PM.jpeg","jetpack_sharing_enabled":true,"jetpack_shortlink":"https:\/\/wp.me\/p6id8p-zrB","_links":{"self":[{"href":"https:\/\/formalprision.com\/index.php?rest_route=\/wp\/v2\/posts\/136251","targetHints":{"allow":["GET"]}}],"collection":[{"href":"https:\/\/formalprision.com\/index.php?rest_route=\/wp\/v2\/posts"}],"about":[{"href":"https:\/\/formalprision.com\/index.php?rest_route=\/wp\/v2\/types\/post"}],"author":[{"embeddable":true,"href":"https:\/\/formalprision.com\/index.php?rest_route=\/wp\/v2\/users\/2"}],"replies":[{"embeddable":true,"href":"https:\/\/formalprision.com\/index.php?rest_route=%2Fwp%2Fv2%2Fcomments&post=136251"}],"version-history":[{"count":2,"href":"https:\/\/formalprision.com\/index.php?rest_route=\/wp\/v2\/posts\/136251\/revisions"}],"predecessor-version":[{"id":136255,"href":"https:\/\/formalprision.com\/index.php?rest_route=\/wp\/v2\/posts\/136251\/revisions\/136255"}],"wp:featuredmedia":[{"embeddable":true,"href":"https:\/\/formalprision.com\/index.php?rest_route=\/wp\/v2\/media\/136253"}],"wp:attachment":[{"href":"https:\/\/formalprision.com\/index.php?rest_route=%2Fwp%2Fv2%2Fmedia&parent=136251"}],"wp:term":[{"taxonomy":"category","embeddable":true,"href":"https:\/\/formalprision.com\/index.php?rest_route=%2Fwp%2Fv2%2Fcategories&post=136251"},{"taxonomy":"post_tag","embeddable":true,"href":"https:\/\/formalprision.com\/index.php?rest_route=%2Fwp%2Fv2%2Ftags&post=136251"}],"curies":[{"name":"wp","href":"https:\/\/api.w.org\/{rel}","templated":true}]}}