{"id":136256,"date":"2025-11-15T20:35:34","date_gmt":"2025-11-16T01:35:34","guid":{"rendered":"https:\/\/formalprision.com\/?p=136256"},"modified":"2025-11-16T22:51:12","modified_gmt":"2025-11-17T03:51:12","slug":"el-ayuntamiento-de-merida-tendra-horarios-especiales-por-el-115-aniversario-de-la-revolucion","status":"publish","type":"post","link":"https:\/\/formalprision.com\/?p=136256","title":{"rendered":"El Ayuntamiento tendr\u00e1 horarios especiales por el lunes, d\u00eda inh\u00e1bil por  aniversario de la Revoluci\u00f3n"},"content":{"rendered":"\n<p>M\u00c9RIDA, Yucat\u00e1n.- Debido al 115 aniversario de la Revoluci\u00f3n Mexicana, el Ayuntamiento de M\u00e9rida informa que el lunes 17 de noviembre ser\u00e1 inh\u00e1bil por lo que se establecer\u00e1n horarios especiales para la atenci\u00f3n de la ciudad.<\/p>\n\n\n\n<p>La direcci\u00f3n de Servicios P\u00fablicos operar\u00e1 con personal de guardia para atender reportes ciudadanos y mantener la limpieza en zonas y espacios p\u00fablicos de la capital yucateca.<\/p>\n\n\n\n<p>Para el caso de la recolecci\u00f3n de basura domiciliaria, se informa que las empresas Sana, Corbase y Pamplona realizar\u00e1n su recorrido habitual en el horario acostumbrado. Por su parte la empresa Servilimpia reanudar\u00e1 sus labores el martes 18 de noviembre.<\/p>\n\n\n\n<p>El parque Zool\u00f3gico del Centenario permanecer\u00e1 cerrado al p\u00fablico de manera normal, mientras que el parque zool\u00f3gico Animaya abrir\u00e1 de 09:00 a 16:00 horas para el esparcimiento y convivencia de las familias y visitantes.<\/p>\n\n\n\n<p>Los eventos de la Semana Meridana se llevar\u00e1n a cabo con normalidad. La Vaquer\u00eda Yucateca se presentar\u00e1 en su horario habitual, a las 21:00 horas en los bajos del Palacio Municipal. Los museos y centros culturales permanecer\u00e1n cerrados al p\u00fablico.<\/p>\n\n\n\n<p>Las cajas recaudadoras de la Polic\u00eda Municipal abrir\u00e1n de 08:00 a 20:00 horas y del Cementerio Xocl\u00e1n de 08:00 a 17:00 horas. Los pagos tambi\u00e9n pueden realizarse en l\u00ednea ingresando a www.merida.gob.mx\/predial.<\/p>\n\n\n\n<p>La recepci\u00f3n de tr\u00e1mites y servicios presenciales en las 12 ventanillas \u00fanicas incluyendo la que se ubica en las oficinas de la direcci\u00f3n de Catastro municipal se reanudar\u00e1 el martes 18 de noviembre en el horario habitual.<\/p>\n\n\n\n<p>Los panteones municipales, Cementerio General, Xocl\u00e1n, Florido, Jardines de la Paz, Florido y Chuburn\u00e1, brindar\u00e1n atenci\u00f3n al p\u00fablico en horario de 08:00 a 17:00 horas mientras que las oficinas para tr\u00e1mites y servicios permanecer\u00e1n cerradas. Los servicios funerarios se mantienen disponibles las 24 horas los 365 d\u00edas del a\u00f1o.<\/p>\n","protected":false},"excerpt":{"rendered":"<p>M\u00c9RIDA, Yucat\u00e1n.- Debido al 115 aniversario de la Revoluci\u00f3n Mexicana, el Ayuntamiento de M\u00e9rida informa que el lunes 17 de noviembre ser\u00e1 inh\u00e1bil por lo que se establecer\u00e1n horarios especiales<\/p>\n","protected":false},"author":2,"featured_media":136259,"comment_status":"open","ping_status":"open","sticky":false,"template":"","format":"standard","meta":{"jetpack_post_was_ever_published":false,"_jetpack_newsletter_access":"","_jetpack_dont_email_post_to_subs":false,"_jetpack_newsletter_tier_id":0,"_jetpack_memberships_contains_paywalled_content":false,"_jetpack_memberships_contains_paid_content":false,"footnotes":"","jetpack_publicize_message":"","jetpack_publicize_feature_enabled":true,"jetpack_social_post_already_shared":true,"jetpack_social_options":{"image_generator_settings":{"template":"highway","default_image_id":0,"font":"","enabled":false},"version":2}},"categories":[14],"tags":[],"class_list":["post-136256","post","type-post","status-publish","format-standard","has-post-thumbnail","hentry","category-merida"],"jetpack_publicize_connections":[],"jetpack_featured_media_url":"https:\/\/formalprision.com\/wp-content\/uploads\/2025\/11\/ayn.jpg","jetpack_sharing_enabled":true,"jetpack_shortlink":"https:\/\/wp.me\/p6id8p-zrG","_links":{"self":[{"href":"https:\/\/formalprision.com\/index.php?rest_route=\/wp\/v2\/posts\/136256","targetHints":{"allow":["GET"]}}],"collection":[{"href":"https:\/\/formalprision.com\/index.php?rest_route=\/wp\/v2\/posts"}],"about":[{"href":"https:\/\/formalprision.com\/index.php?rest_route=\/wp\/v2\/types\/post"}],"author":[{"embeddable":true,"href":"https:\/\/formalprision.com\/index.php?rest_route=\/wp\/v2\/users\/2"}],"replies":[{"embeddable":true,"href":"https:\/\/formalprision.com\/index.php?rest_route=%2Fwp%2Fv2%2Fcomments&post=136256"}],"version-history":[{"count":4,"href":"https:\/\/formalprision.com\/index.php?rest_route=\/wp\/v2\/posts\/136256\/revisions"}],"predecessor-version":[{"id":136286,"href":"https:\/\/formalprision.com\/index.php?rest_route=\/wp\/v2\/posts\/136256\/revisions\/136286"}],"wp:featuredmedia":[{"embeddable":true,"href":"https:\/\/formalprision.com\/index.php?rest_route=\/wp\/v2\/media\/136259"}],"wp:attachment":[{"href":"https:\/\/formalprision.com\/index.php?rest_route=%2Fwp%2Fv2%2Fmedia&parent=136256"}],"wp:term":[{"taxonomy":"category","embeddable":true,"href":"https:\/\/formalprision.com\/index.php?rest_route=%2Fwp%2Fv2%2Fcategories&post=136256"},{"taxonomy":"post_tag","embeddable":true,"href":"https:\/\/formalprision.com\/index.php?rest_route=%2Fwp%2Fv2%2Ftags&post=136256"}],"curies":[{"name":"wp","href":"https:\/\/api.w.org\/{rel}","templated":true}]}}