{"id":136261,"date":"2025-11-15T20:57:53","date_gmt":"2025-11-16T01:57:53","guid":{"rendered":"https:\/\/formalprision.com\/?p=136261"},"modified":"2025-11-15T20:57:53","modified_gmt":"2025-11-16T01:57:53","slug":"renacimiento-maya-y-el-gobierno-de-mexico-unen-esfuerzos-para-fortalecer-sector-ganadero-de-yucatan","status":"publish","type":"post","link":"https:\/\/formalprision.com\/?p=136261","title":{"rendered":"Renacimiento Maya y el Gobierno de M\u00e9xico unen esfuerzos para fortalecer sector ganadero de Yucat\u00e1n"},"content":{"rendered":"\n<p>M\u00e9rida, Yucat\u00e1n, a 15 de noviembre de 2025-Los Gobiernos del Renacimiento Maya y de M\u00e9xico conjuntan esfuerzos para impulsar el campo yucateco y combatir la plaga del gusano barrenador en la entidad.<br>\u00a0<br>Durante el Encuentro de Productores Agropecuarios, realizado en la Feria Xmatkuil 2025, el titular de la Sader, Julio Berdegu\u00e9 Sacrist\u00e1n, reconoci\u00f3 al gobernador Joaqu\u00edn D\u00edaz Mena\u00a0por el esfuerzo que realiza para impulsar el campo yucateco y combatir la plaga del gusano barrenador._<\/p>\n\n\n\n<p>Por si parte, el gobernador se\u00f1al\u00f3 que esta visita es una se\u00f1al clara de que el campo yucateco est\u00e1 siendo acompa\u00f1ado por el Gobierno de M\u00e9xico, que ha respaldado el proyecto para impulsar un laboratorio de producci\u00f3n de moscas est\u00e9riles contra el gusano barrenador en la entidad.<br>&nbsp;<br>Destac\u00f3 tambi\u00e9n la importancia de fortalecer la comercializaci\u00f3n del hato yucateco, al subrayar que, con el apoyo del Gobierno de M\u00e9xico, se buscar\u00e1 replicar la experiencia de estados del norte del pa\u00eds, como Durango y Coahuila, para mejorar los sistemas de engorda y contar con un nuevo rastro para Yucat\u00e1n. .<br>&nbsp;<br>En su intervenci\u00f3n, Berdegu\u00e9 Sacrist\u00e1n resalt\u00f3 que el esfuerzo que se realiza en Yucat\u00e1n por el campo es un ejemplo en M\u00e9xico, al impulsar la reforma de la ley ganadera en apenas un a\u00f1o y duplicar el presupuesto destinado al campo.<br>&nbsp;<\/p>\n","protected":false},"excerpt":{"rendered":"<p>M\u00e9rida, Yucat\u00e1n, a 15 de noviembre de 2025-Los Gobiernos del Renacimiento Maya y de M\u00e9xico conjuntan esfuerzos para impulsar el campo yucateco y combatir la plaga del gusano barrenador en<\/p>\n","protected":false},"author":1,"featured_media":136262,"comment_status":"open","ping_status":"open","sticky":false,"template":"","format":"standard","meta":{"jetpack_post_was_ever_published":false,"_jetpack_newsletter_access":"","_jetpack_dont_email_post_to_subs":false,"_jetpack_newsletter_tier_id":0,"_jetpack_memberships_contains_paywalled_content":false,"_jetpack_memberships_contains_paid_content":false,"footnotes":"","jetpack_publicize_message":"","jetpack_publicize_feature_enabled":true,"jetpack_social_post_already_shared":true,"jetpack_social_options":{"image_generator_settings":{"template":"highway","default_image_id":0,"font":"","enabled":false},"version":2}},"categories":[14],"tags":[],"class_list":["post-136261","post","type-post","status-publish","format-standard","has-post-thumbnail","hentry","category-merida"],"jetpack_publicize_connections":[],"jetpack_featured_media_url":"https:\/\/formalprision.com\/wp-content\/uploads\/2025\/11\/IMG-20251115-WA0101.jpg","jetpack_sharing_enabled":true,"jetpack_shortlink":"https:\/\/wp.me\/p6id8p-zrL","_links":{"self":[{"href":"https:\/\/formalprision.com\/index.php?rest_route=\/wp\/v2\/posts\/136261","targetHints":{"allow":["GET"]}}],"collection":[{"href":"https:\/\/formalprision.com\/index.php?rest_route=\/wp\/v2\/posts"}],"about":[{"href":"https:\/\/formalprision.com\/index.php?rest_route=\/wp\/v2\/types\/post"}],"author":[{"embeddable":true,"href":"https:\/\/formalprision.com\/index.php?rest_route=\/wp\/v2\/users\/1"}],"replies":[{"embeddable":true,"href":"https:\/\/formalprision.com\/index.php?rest_route=%2Fwp%2Fv2%2Fcomments&post=136261"}],"version-history":[{"count":1,"href":"https:\/\/formalprision.com\/index.php?rest_route=\/wp\/v2\/posts\/136261\/revisions"}],"predecessor-version":[{"id":136263,"href":"https:\/\/formalprision.com\/index.php?rest_route=\/wp\/v2\/posts\/136261\/revisions\/136263"}],"wp:featuredmedia":[{"embeddable":true,"href":"https:\/\/formalprision.com\/index.php?rest_route=\/wp\/v2\/media\/136262"}],"wp:attachment":[{"href":"https:\/\/formalprision.com\/index.php?rest_route=%2Fwp%2Fv2%2Fmedia&parent=136261"}],"wp:term":[{"taxonomy":"category","embeddable":true,"href":"https:\/\/formalprision.com\/index.php?rest_route=%2Fwp%2Fv2%2Fcategories&post=136261"},{"taxonomy":"post_tag","embeddable":true,"href":"https:\/\/formalprision.com\/index.php?rest_route=%2Fwp%2Fv2%2Ftags&post=136261"}],"curies":[{"name":"wp","href":"https:\/\/api.w.org\/{rel}","templated":true}]}}