{"id":136268,"date":"2025-11-16T08:14:52","date_gmt":"2025-11-16T13:14:52","guid":{"rendered":"https:\/\/formalprision.com\/?p=136268"},"modified":"2025-11-16T22:50:16","modified_gmt":"2025-11-17T03:50:16","slug":"detienen-a-ex-policia-estatal-en-un-reten-usa-su-credencial-de-oficial-vencida","status":"publish","type":"post","link":"https:\/\/formalprision.com\/?p=136268","title":{"rendered":"Detienen a ex polic\u00eda estatal en un ret\u00e9n: usa su credencial de oficial vencida"},"content":{"rendered":"\n<p>En redes sociales se difundi\u00f3 la denuncia de un hombre que asegura haber sido \u201csecuestrado\u201d y \u201crobado\u201d por agentes de la Secretar\u00eda de Seguridad P\u00fablica (SSP) de Yucat\u00e1n, a quienes acusa de abuso de autoridad en un ret\u00e9n instalado en la carretera estatal Temax\u2013Tekal de Venegas.<\/p>\n\n\n\n<p>Sin embargo, seg\u00fan datos recabados, lo que se registr\u00f3 fue la detenci\u00f3n de M.O.M.G., de 46 a\u00f1os de edad, ex integrante de la Polic\u00eda Estatal, luego de que en un puesto de control preventivo se le marc\u00f3 el alto y, durante la revisi\u00f3n, present\u00f3 una credencial de la SSP como polic\u00eda en activo con vigencia vencida desde 2018, pese a que ya no pertenece a la corporaci\u00f3n.<\/p>\n\n\n\n<p>El aseguramiento de esa credencial policial vencida es el eje del caso y el motivo de su detenci\u00f3n, manejada como uso indebido de identificaci\u00f3n oficial y no como un episodio de secuestro o robo cometido por los agentes. Posteriormente, el ex polic\u00eda fue trasladado para los tr\u00e1mites legales correspondientes.<\/p>\n\n\n\n<p>Despu\u00e9s de su aseguramiento, el ahora detenido ha llevado el caso al terreno medi\u00e1tico, desde donde ha lanzado fuertes se\u00f1alamientos contra los agentes que participaron en el operativo. La conducta que se le atribuye se vincula, de manera general, con lo previsto en el art\u00edculo 250 del C\u00f3digo Penal Federal sobre uso indebido de credenciales e insignias oficiales, referencia que ayuda a dimensionar la naturaleza del hecho frente a la versi\u00f3n difundida en redes sociales.<\/p>\n","protected":false},"excerpt":{"rendered":"<p>En redes sociales se difundi\u00f3 la denuncia de un hombre que asegura haber sido \u201csecuestrado\u201d y \u201crobado\u201d por agentes de la Secretar\u00eda de Seguridad P\u00fablica (SSP) de Yucat\u00e1n, a quienes<\/p>\n","protected":false},"author":2,"featured_media":136270,"comment_status":"open","ping_status":"open","sticky":false,"template":"","format":"standard","meta":{"jetpack_post_was_ever_published":false,"_jetpack_newsletter_access":"","_jetpack_dont_email_post_to_subs":false,"_jetpack_newsletter_tier_id":0,"_jetpack_memberships_contains_paywalled_content":false,"_jetpack_memberships_contains_paid_content":false,"footnotes":"","jetpack_publicize_message":"","jetpack_publicize_feature_enabled":true,"jetpack_social_post_already_shared":true,"jetpack_social_options":{"image_generator_settings":{"template":"highway","default_image_id":0,"font":"","enabled":false},"version":2}},"categories":[54],"tags":[],"class_list":["post-136268","post","type-post","status-publish","format-standard","has-post-thumbnail","hentry","category-yucatan"],"jetpack_publicize_connections":[],"jetpack_featured_media_url":"https:\/\/formalprision.com\/wp-content\/uploads\/2025\/11\/also.jpg","jetpack_sharing_enabled":true,"jetpack_shortlink":"https:\/\/wp.me\/p6id8p-zrS","_links":{"self":[{"href":"https:\/\/formalprision.com\/index.php?rest_route=\/wp\/v2\/posts\/136268","targetHints":{"allow":["GET"]}}],"collection":[{"href":"https:\/\/formalprision.com\/index.php?rest_route=\/wp\/v2\/posts"}],"about":[{"href":"https:\/\/formalprision.com\/index.php?rest_route=\/wp\/v2\/types\/post"}],"author":[{"embeddable":true,"href":"https:\/\/formalprision.com\/index.php?rest_route=\/wp\/v2\/users\/2"}],"replies":[{"embeddable":true,"href":"https:\/\/formalprision.com\/index.php?rest_route=%2Fwp%2Fv2%2Fcomments&post=136268"}],"version-history":[{"count":3,"href":"https:\/\/formalprision.com\/index.php?rest_route=\/wp\/v2\/posts\/136268\/revisions"}],"predecessor-version":[{"id":136273,"href":"https:\/\/formalprision.com\/index.php?rest_route=\/wp\/v2\/posts\/136268\/revisions\/136273"}],"wp:featuredmedia":[{"embeddable":true,"href":"https:\/\/formalprision.com\/index.php?rest_route=\/wp\/v2\/media\/136270"}],"wp:attachment":[{"href":"https:\/\/formalprision.com\/index.php?rest_route=%2Fwp%2Fv2%2Fmedia&parent=136268"}],"wp:term":[{"taxonomy":"category","embeddable":true,"href":"https:\/\/formalprision.com\/index.php?rest_route=%2Fwp%2Fv2%2Fcategories&post=136268"},{"taxonomy":"post_tag","embeddable":true,"href":"https:\/\/formalprision.com\/index.php?rest_route=%2Fwp%2Fv2%2Ftags&post=136268"}],"curies":[{"name":"wp","href":"https:\/\/api.w.org\/{rel}","templated":true}]}}