{"id":136283,"date":"2025-11-16T22:34:12","date_gmt":"2025-11-17T03:34:12","guid":{"rendered":"https:\/\/formalprision.com\/?p=136283"},"modified":"2025-11-18T14:41:23","modified_gmt":"2025-11-18T19:41:23","slug":"fundador-de-morena-marcho-contra-sheinbaum-en-merida-en-la-protesta-de-la-generacion-z","status":"publish","type":"post","link":"https:\/\/formalprision.com\/?p=136283","title":{"rendered":"Fundador de Morena march\u00f3 contra Sheinbaum en M\u00e9rida, en la protesta de la Generaci\u00f3n Z"},"content":{"rendered":"\n<p>M\u00c9RIDA, Yucat\u00e1n.- Eusebio Tec Moo, l\u00edder de los alba\u00f1iles y fundador de Morena en Yucat\u00e1n, march\u00f3 ayer en la movilizaci\u00f3n de la Generaci\u00f3n Z y del Movimiento del Sombrero en M\u00e9rida. S\u00ed, un decepcionado fundador de Morena march\u00f3 contra Claudia Sheinbaum, y abraz\u00f3 como suyas las demandas de que se ponga un freno al crimen organizado, que se acabe la corrupci\u00f3n, que haya justicia, empleo y que la econom\u00eda se enderece.<\/p>\n\n\n\n<p>Han pasado m\u00e1s de 10 a\u00f1os desde que en aquel 2008 un Eusebio contagiado de entusiasmo por un movimiento que dec\u00eda buscar la justicia y acabar con la corrupci\u00f3n comenz\u00f3 a repartir el peri\u00f3dico Regeneraci\u00f3n casa por casa. En algunas aceptaban el ejemplar, en otras lo insultaban, eso fue en el 2008 cuando el \u00f3rgano informativo se imprim\u00eda en los talleres de POR ESTO!.<\/p>\n\n\n\n<p>Eusebio fue v\u00edctima de gritos agresiones, fue denostado por muchos, much\u00edsimos en ese entonces priistas y panistas qu\u00e9 hoy visten el chaleco guinda y se dicen de MORENA.<\/p>\n\n\n\n<p>Ayer Tec Moo fue visto en la marcha de la generaci\u00f3n Z. Eusebio fue fundador, fue Amloista pero ahora marcha en contra porque el proyecto perdi\u00f3 identidad, sentido y rumbo, pero sobre todo lo que lo identificaba un movimiento de las bases.<\/p>\n\n\n\n<p>Quien se puso la camiseta al inicio y contribuy\u00f3 a la fundaci\u00f3n de Morena en Yucat\u00e1n, ahora marcha en contra, porque el proyecto fue prostituido y traicionado por su propio fundador y cabeza al permitir el ingreso de miles de chapulines pri\u00edstas y panistas en los \u00faltimos cuatro a\u00f1os.<\/p>\n","protected":false},"excerpt":{"rendered":"<p>M\u00c9RIDA, Yucat\u00e1n.- Eusebio Tec Moo, l\u00edder de los alba\u00f1iles y fundador de Morena en Yucat\u00e1n, march\u00f3 ayer en la movilizaci\u00f3n de la Generaci\u00f3n Z y del Movimiento del Sombrero en<\/p>\n","protected":false},"author":2,"featured_media":136285,"comment_status":"open","ping_status":"open","sticky":false,"template":"","format":"standard","meta":{"jetpack_post_was_ever_published":false,"_jetpack_newsletter_access":"","_jetpack_dont_email_post_to_subs":false,"_jetpack_newsletter_tier_id":0,"_jetpack_memberships_contains_paywalled_content":false,"_jetpack_memberships_contains_paid_content":false,"footnotes":"","jetpack_publicize_message":"","jetpack_publicize_feature_enabled":true,"jetpack_social_post_already_shared":true,"jetpack_social_options":{"image_generator_settings":{"template":"highway","default_image_id":0,"font":"","enabled":false},"version":2}},"categories":[14],"tags":[],"class_list":["post-136283","post","type-post","status-publish","format-standard","has-post-thumbnail","hentry","category-merida"],"jetpack_publicize_connections":[],"jetpack_featured_media_url":"https:\/\/formalprision.com\/wp-content\/uploads\/2025\/11\/eusebio.jpg","jetpack_sharing_enabled":true,"jetpack_shortlink":"https:\/\/wp.me\/p6id8p-zs7","_links":{"self":[{"href":"https:\/\/formalprision.com\/index.php?rest_route=\/wp\/v2\/posts\/136283","targetHints":{"allow":["GET"]}}],"collection":[{"href":"https:\/\/formalprision.com\/index.php?rest_route=\/wp\/v2\/posts"}],"about":[{"href":"https:\/\/formalprision.com\/index.php?rest_route=\/wp\/v2\/types\/post"}],"author":[{"embeddable":true,"href":"https:\/\/formalprision.com\/index.php?rest_route=\/wp\/v2\/users\/2"}],"replies":[{"embeddable":true,"href":"https:\/\/formalprision.com\/index.php?rest_route=%2Fwp%2Fv2%2Fcomments&post=136283"}],"version-history":[{"count":1,"href":"https:\/\/formalprision.com\/index.php?rest_route=\/wp\/v2\/posts\/136283\/revisions"}],"predecessor-version":[{"id":136284,"href":"https:\/\/formalprision.com\/index.php?rest_route=\/wp\/v2\/posts\/136283\/revisions\/136284"}],"wp:featuredmedia":[{"embeddable":true,"href":"https:\/\/formalprision.com\/index.php?rest_route=\/wp\/v2\/media\/136285"}],"wp:attachment":[{"href":"https:\/\/formalprision.com\/index.php?rest_route=%2Fwp%2Fv2%2Fmedia&parent=136283"}],"wp:term":[{"taxonomy":"category","embeddable":true,"href":"https:\/\/formalprision.com\/index.php?rest_route=%2Fwp%2Fv2%2Fcategories&post=136283"},{"taxonomy":"post_tag","embeddable":true,"href":"https:\/\/formalprision.com\/index.php?rest_route=%2Fwp%2Fv2%2Ftags&post=136283"}],"curies":[{"name":"wp","href":"https:\/\/api.w.org\/{rel}","templated":true}]}}