{"id":136287,"date":"2025-11-16T22:52:01","date_gmt":"2025-11-17T03:52:01","guid":{"rendered":"https:\/\/formalprision.com\/?p=136287"},"modified":"2025-11-18T00:55:34","modified_gmt":"2025-11-18T05:55:34","slug":"egresan-en-ticul-primeros-medicos-de-la-universidad-para-el-bienestar-benito-juarez","status":"publish","type":"post","link":"https:\/\/formalprision.com\/?p=136287","title":{"rendered":"Egresan en Ticul primeros m\u00e9dicos de la Universidad para el Bienestar \u00abBenito Ju\u00e1rez\u00bb"},"content":{"rendered":"\n<p>Ticul, Yucat\u00e1n, a 16 de noviembre de 2025.-El Gobernador Joaqu\u00edn D\u00edaz Mena entreg\u00f3 62 t\u00edtulos profesionales a la primera generaci\u00f3n de egresadas y egresados de la Universidad para el Bienestar Benito Ju\u00e1rez Garc\u00eda (Ubbjg), en la carrera de Medicina Integral y Salud Comunitaria, programa creado para acercar educaci\u00f3n superior gratuita a zonas vulnerables de Yucat\u00e1n.<\/p>\n\n\n\n<p>El gobernador destac\u00f3 que este logro reconoce el esfuerzo de las y los j\u00f3venes que, en su mayor\u00eda, provienen de comunidades mayas y que ahora se incorporar\u00e1n como nuevos profesionales de la salud con vocaci\u00f3n comunitaria.<br>&nbsp;<br>Durante el evento protocolario, el gobernador anunci\u00f3 que instruir\u00e1 a la Secretar\u00eda de Salud de Yucat\u00e1n (SSY) para que egresadas y egresados de esta instituci\u00f3n tengan prioridad en los procesos de contrataci\u00f3n dentro del sistema estatal, a fin de fortalecer la atenci\u00f3n en zonas donde m\u00e1s se requiere.<br>&nbsp;<br>El mandatario abund\u00f3 sobre la necesidad de ampliar la cobertura educativa en Yucat\u00e1n mediante la creaci\u00f3n de m\u00e1s universidades p\u00fablicas y se\u00f1al\u00f3 como prioridad la zona poniente, particularmente en Hunucm\u00e1, as\u00ed como la regi\u00f3n ind\u00edgena del oriente, espec\u00edficamente en Tizim\u00edn, a fin de acercar la educaci\u00f3n superior a comunidades que hist\u00f3ricamente han enfrentado mayores dificultades de acceso.<br>&nbsp;<\/p>\n","protected":false},"excerpt":{"rendered":"<p>Ticul, Yucat\u00e1n, a 16 de noviembre de 2025.-El Gobernador Joaqu\u00edn D\u00edaz Mena entreg\u00f3 62 t\u00edtulos profesionales a la primera generaci\u00f3n de egresadas y egresados de la Universidad para el Bienestar<\/p>\n","protected":false},"author":1,"featured_media":136288,"comment_status":"open","ping_status":"open","sticky":false,"template":"","format":"standard","meta":{"jetpack_post_was_ever_published":false,"_jetpack_newsletter_access":"","_jetpack_dont_email_post_to_subs":false,"_jetpack_newsletter_tier_id":0,"_jetpack_memberships_contains_paywalled_content":false,"_jetpack_memberships_contains_paid_content":false,"footnotes":"","jetpack_publicize_message":"","jetpack_publicize_feature_enabled":true,"jetpack_social_post_already_shared":true,"jetpack_social_options":{"image_generator_settings":{"template":"highway","default_image_id":0,"font":"","enabled":false},"version":2}},"categories":[54],"tags":[],"class_list":["post-136287","post","type-post","status-publish","format-standard","has-post-thumbnail","hentry","category-yucatan"],"jetpack_publicize_connections":[],"jetpack_featured_media_url":"https:\/\/formalprision.com\/wp-content\/uploads\/2025\/11\/IMG-20251116-WA0097.jpg","jetpack_sharing_enabled":true,"jetpack_shortlink":"https:\/\/wp.me\/p6id8p-zsb","_links":{"self":[{"href":"https:\/\/formalprision.com\/index.php?rest_route=\/wp\/v2\/posts\/136287","targetHints":{"allow":["GET"]}}],"collection":[{"href":"https:\/\/formalprision.com\/index.php?rest_route=\/wp\/v2\/posts"}],"about":[{"href":"https:\/\/formalprision.com\/index.php?rest_route=\/wp\/v2\/types\/post"}],"author":[{"embeddable":true,"href":"https:\/\/formalprision.com\/index.php?rest_route=\/wp\/v2\/users\/1"}],"replies":[{"embeddable":true,"href":"https:\/\/formalprision.com\/index.php?rest_route=%2Fwp%2Fv2%2Fcomments&post=136287"}],"version-history":[{"count":1,"href":"https:\/\/formalprision.com\/index.php?rest_route=\/wp\/v2\/posts\/136287\/revisions"}],"predecessor-version":[{"id":136289,"href":"https:\/\/formalprision.com\/index.php?rest_route=\/wp\/v2\/posts\/136287\/revisions\/136289"}],"wp:featuredmedia":[{"embeddable":true,"href":"https:\/\/formalprision.com\/index.php?rest_route=\/wp\/v2\/media\/136288"}],"wp:attachment":[{"href":"https:\/\/formalprision.com\/index.php?rest_route=%2Fwp%2Fv2%2Fmedia&parent=136287"}],"wp:term":[{"taxonomy":"category","embeddable":true,"href":"https:\/\/formalprision.com\/index.php?rest_route=%2Fwp%2Fv2%2Fcategories&post=136287"},{"taxonomy":"post_tag","embeddable":true,"href":"https:\/\/formalprision.com\/index.php?rest_route=%2Fwp%2Fv2%2Ftags&post=136287"}],"curies":[{"name":"wp","href":"https:\/\/api.w.org\/{rel}","templated":true}]}}