{"id":136294,"date":"2025-11-17T19:34:59","date_gmt":"2025-11-18T00:34:59","guid":{"rendered":"https:\/\/formalprision.com\/?p=136294"},"modified":"2025-11-18T14:40:58","modified_gmt":"2025-11-18T19:40:58","slug":"merida-alcanza-un-maximo-historico-en-empleo-formal-mas-de-341-mil-asegurados-ante-el-imss","status":"publish","type":"post","link":"https:\/\/formalprision.com\/?p=136294","title":{"rendered":"M\u00e9rida alcanza un m\u00e1ximo hist\u00f3rico en empleo formal: m\u00e1s de 341 mil asegurados ante el IMSS"},"content":{"rendered":"\n<p>M\u00c9RIDA, Yucat\u00e1n.-&nbsp;Con un m\u00e1ximo hist\u00f3rico, M\u00e9rida registr\u00f3 una ocupaci\u00f3n formal de 341 mil 511 trabajadores asegurados durante octubre de 2025, ocupando el quinto lugar con respecto a las ciudades capitales del pa\u00eds.&nbsp;<\/p>\n\n\n\n<p>\u201cEsta cifra es reflejo de que en el Ayuntamiento de M\u00e9rida apostamos al talento y mano de obra de las y los meridanos, dot\u00e1ndolos de herramientas para profesionalizaci\u00f3n y capacitaci\u00f3n que permitan aumentar las posibilidades de conseguir un mejor empleo, junto con la iniciativa privada, con quienes buscamos acercar oportunidades y espacios laborales\u201d, afirm\u00f3 la presidenta municipal Cecilia Patr\u00f3n Laviada.<\/p>\n\n\n\n<p>Durante la actual administraci\u00f3n se registraron 8 mil 177 nuevos empleos, cifra superior a la creaci\u00f3n promedio nacional de 2 mil 408 nuevos empleos, lo que posicion\u00f3 a la ciudad en el tercer lugar con mayor generaci\u00f3n de nuevos empleos; de forma espec\u00edfica, se tuvo la creaci\u00f3n de 584 nuevos empleos por mes.<\/p>\n\n\n\n<p>En lo que va de la gesti\u00f3n de la alcaldesa M\u00e9rida ha recibido importante inversi\u00f3n por parte de empresas nacionales e internacionales.&nbsp;<\/p>\n\n\n\n<p>Estas han inaugurado oficinas y anunciado nuevos proyectos en sectores clave como el hotelero, comercial e industrial. Entre las marcas que han llegado a la ciudad se encuentran The Home Depot M\u00e9xico, Grupo Hotelero Kavia, Volvo Suecia Car M\u00e9rida y, m\u00e1s recientemente, Grupo Reyma, entre otras.&nbsp;<\/p>\n\n\n\n<p>\u201cEs as\u00ed como hemos estado trabajando de la mano de todos y en equipo, fortaleciendo las condiciones de inversi\u00f3n y reforzando la confianza para generar este tipo de resultados que, m\u00e1s all\u00e1 de los n\u00fameros, se refleja en la prosperidad m\u00e1s justa de las familias y mejora de su econom\u00eda con m\u00e1s y mejores empleos\u201d, puntualiz\u00f3.<\/p>\n\n\n\n<p>Este resultado es un testimonio del esfuerzo conjunto por mejorar las condiciones de vida de las y los meridanos y consolidar a M\u00e9rida como una ciudad pr\u00f3spera y equitativa.<\/p>\n","protected":false},"excerpt":{"rendered":"<p>M\u00c9RIDA, Yucat\u00e1n.-&nbsp;Con un m\u00e1ximo hist\u00f3rico, M\u00e9rida registr\u00f3 una ocupaci\u00f3n formal de 341 mil 511 trabajadores asegurados durante octubre de 2025, ocupando el quinto lugar con respecto a las ciudades capitales<\/p>\n","protected":false},"author":2,"featured_media":136296,"comment_status":"open","ping_status":"open","sticky":false,"template":"","format":"standard","meta":{"jetpack_post_was_ever_published":false,"_jetpack_newsletter_access":"","_jetpack_dont_email_post_to_subs":false,"_jetpack_newsletter_tier_id":0,"_jetpack_memberships_contains_paywalled_content":false,"_jetpack_memberships_contains_paid_content":false,"footnotes":"","jetpack_publicize_message":"","jetpack_publicize_feature_enabled":true,"jetpack_social_post_already_shared":true,"jetpack_social_options":{"image_generator_settings":{"template":"highway","default_image_id":0,"font":"","enabled":false},"version":2}},"categories":[54],"tags":[],"class_list":["post-136294","post","type-post","status-publish","format-standard","has-post-thumbnail","hentry","category-yucatan"],"jetpack_publicize_connections":[],"jetpack_featured_media_url":"https:\/\/formalprision.com\/wp-content\/uploads\/2025\/11\/WhatsApp-Image-2025-11-17-at-6.15.24-PM.jpeg","jetpack_sharing_enabled":true,"jetpack_shortlink":"https:\/\/wp.me\/p6id8p-zsi","_links":{"self":[{"href":"https:\/\/formalprision.com\/index.php?rest_route=\/wp\/v2\/posts\/136294","targetHints":{"allow":["GET"]}}],"collection":[{"href":"https:\/\/formalprision.com\/index.php?rest_route=\/wp\/v2\/posts"}],"about":[{"href":"https:\/\/formalprision.com\/index.php?rest_route=\/wp\/v2\/types\/post"}],"author":[{"embeddable":true,"href":"https:\/\/formalprision.com\/index.php?rest_route=\/wp\/v2\/users\/2"}],"replies":[{"embeddable":true,"href":"https:\/\/formalprision.com\/index.php?rest_route=%2Fwp%2Fv2%2Fcomments&post=136294"}],"version-history":[{"count":1,"href":"https:\/\/formalprision.com\/index.php?rest_route=\/wp\/v2\/posts\/136294\/revisions"}],"predecessor-version":[{"id":136295,"href":"https:\/\/formalprision.com\/index.php?rest_route=\/wp\/v2\/posts\/136294\/revisions\/136295"}],"wp:featuredmedia":[{"embeddable":true,"href":"https:\/\/formalprision.com\/index.php?rest_route=\/wp\/v2\/media\/136296"}],"wp:attachment":[{"href":"https:\/\/formalprision.com\/index.php?rest_route=%2Fwp%2Fv2%2Fmedia&parent=136294"}],"wp:term":[{"taxonomy":"category","embeddable":true,"href":"https:\/\/formalprision.com\/index.php?rest_route=%2Fwp%2Fv2%2Fcategories&post=136294"},{"taxonomy":"post_tag","embeddable":true,"href":"https:\/\/formalprision.com\/index.php?rest_route=%2Fwp%2Fv2%2Ftags&post=136294"}],"curies":[{"name":"wp","href":"https:\/\/api.w.org\/{rel}","templated":true}]}}