{"id":136327,"date":"2025-11-18T21:01:01","date_gmt":"2025-11-19T02:01:01","guid":{"rendered":"https:\/\/formalprision.com\/?p=136327"},"modified":"2025-11-19T08:20:52","modified_gmt":"2025-11-19T13:20:52","slug":"acusan-al-conserje-de-abusos-contra-alumnos-del-kinder-xocen-en-san-antonio-kaua-iii","status":"publish","type":"post","link":"https:\/\/formalprision.com\/?p=136327","title":{"rendered":"Acusan al conserje de abusos contra alumnos del k\u00ednder \u00abXoc\u00e9n\u00bb en San Antonio Kaua III"},"content":{"rendered":"\n<p>KANAS\u00cdN, Yucat\u00e1n.- Decenas de padres de familia se manifestaron frente al Jard\u00edn de Ni\u00f1os \u201cXoc\u00e9n\u201d, en San Antonio Kaua III, para exigir justicia tras se\u00f1alar al conserje del plantel por presunto abuso en contra de uno o varios alumnos.<\/p>\n\n\n\n<p>La protesta fue en las instalaciones ubicadas en la calle 73 por 56-A, hasta donde llegaron padres visiblemente alterados por los presuntos hechos delictivos que involucran al trabajador de la escuela.<\/p>\n\n\n\n<p>Ante la exigencia de los manifestantes, agentes de la Polic\u00eda Municipal acudieron al sitio y dialogaron con las madres y padres de familia. Al menos cinco de ellos se trasladaron a la Fiscal\u00eda General del Estado para interponer una denuncia.<\/p>\n\n\n\n<p>Tambi\u00e9n llegaron elementos de la Polic\u00eda Estatal de Investigaci\u00f3n y de la Secretar\u00eda de Seguridad P\u00fablica para mantener el orden y realizar las primeras diligencias.<\/p>\n\n\n\n<p>Hasta el momento se desconoce el paradero del presunto responsable, quien llevaba trabajando en el plantel aproximadamente dos meses.<\/p>\n\n\n\n<p>Sobre el tema la Secretar\u00eda de Educaci\u00f3n del Gobierno del Estado de Yucat\u00e1n (Segey) inform\u00f3 que todas las acciones se llevan a cabo en estricto apego a la normativa vigente, dando puntual seguimiento a los hechos y brindando acompa\u00f1amiento a la comunidad escolar.<\/p>\n\n\n\n<p>La Fiscal\u00eda General del Estado tiene en curso una carpeta de investigaci\u00f3n relacionada con los hechos reportados.<\/p>\n\n\n\n<p>En seguimiento a lo anterior, personal del nivel Preescolar y de la Direcci\u00f3n Jur\u00eddica de la Segey acudi\u00f3 al plantel para atender las inquietudes de la comunidad escolar y facilitar espacios de di\u00e1logo que permitan encontrar soluciones y restablecer el funcionamiento del centro educativo.<\/p>\n","protected":false},"excerpt":{"rendered":"<p>KANAS\u00cdN, Yucat\u00e1n.- Decenas de padres de familia se manifestaron frente al Jard\u00edn de Ni\u00f1os \u201cXoc\u00e9n\u201d, en San Antonio Kaua III, para exigir justicia tras se\u00f1alar al conserje del plantel por<\/p>\n","protected":false},"author":2,"featured_media":136329,"comment_status":"open","ping_status":"open","sticky":false,"template":"","format":"standard","meta":{"jetpack_post_was_ever_published":false,"_jetpack_newsletter_access":"","_jetpack_dont_email_post_to_subs":false,"_jetpack_newsletter_tier_id":0,"_jetpack_memberships_contains_paywalled_content":false,"_jetpack_memberships_contains_paid_content":false,"footnotes":"","jetpack_publicize_message":"","jetpack_publicize_feature_enabled":true,"jetpack_social_post_already_shared":true,"jetpack_social_options":{"image_generator_settings":{"template":"highway","default_image_id":0,"font":"","enabled":false},"version":2}},"categories":[14],"tags":[],"class_list":["post-136327","post","type-post","status-publish","format-standard","has-post-thumbnail","hentry","category-merida"],"jetpack_publicize_connections":[],"jetpack_featured_media_url":"https:\/\/formalprision.com\/wp-content\/uploads\/2025\/11\/xo2.jpg","jetpack_sharing_enabled":true,"jetpack_shortlink":"https:\/\/wp.me\/p6id8p-zsP","_links":{"self":[{"href":"https:\/\/formalprision.com\/index.php?rest_route=\/wp\/v2\/posts\/136327","targetHints":{"allow":["GET"]}}],"collection":[{"href":"https:\/\/formalprision.com\/index.php?rest_route=\/wp\/v2\/posts"}],"about":[{"href":"https:\/\/formalprision.com\/index.php?rest_route=\/wp\/v2\/types\/post"}],"author":[{"embeddable":true,"href":"https:\/\/formalprision.com\/index.php?rest_route=\/wp\/v2\/users\/2"}],"replies":[{"embeddable":true,"href":"https:\/\/formalprision.com\/index.php?rest_route=%2Fwp%2Fv2%2Fcomments&post=136327"}],"version-history":[{"count":1,"href":"https:\/\/formalprision.com\/index.php?rest_route=\/wp\/v2\/posts\/136327\/revisions"}],"predecessor-version":[{"id":136328,"href":"https:\/\/formalprision.com\/index.php?rest_route=\/wp\/v2\/posts\/136327\/revisions\/136328"}],"wp:featuredmedia":[{"embeddable":true,"href":"https:\/\/formalprision.com\/index.php?rest_route=\/wp\/v2\/media\/136329"}],"wp:attachment":[{"href":"https:\/\/formalprision.com\/index.php?rest_route=%2Fwp%2Fv2%2Fmedia&parent=136327"}],"wp:term":[{"taxonomy":"category","embeddable":true,"href":"https:\/\/formalprision.com\/index.php?rest_route=%2Fwp%2Fv2%2Fcategories&post=136327"},{"taxonomy":"post_tag","embeddable":true,"href":"https:\/\/formalprision.com\/index.php?rest_route=%2Fwp%2Fv2%2Ftags&post=136327"}],"curies":[{"name":"wp","href":"https:\/\/api.w.org\/{rel}","templated":true}]}}