{"id":136333,"date":"2025-11-19T19:02:26","date_gmt":"2025-11-20T00:02:26","guid":{"rendered":"https:\/\/formalprision.com\/?p=136333"},"modified":"2025-11-19T19:02:26","modified_gmt":"2025-11-20T00:02:26","slug":"encabeza-cecilia-patron-jornada-para-prevenir-y-tratar-la-diabetes","status":"publish","type":"post","link":"https:\/\/formalprision.com\/?p=136333","title":{"rendered":"Encabeza Cecilia Patr\u00f3n jornada para prevenir y tratar la diabetes"},"content":{"rendered":"\n<p>M\u00c9RIDA, Yucat\u00e1n.- Para dar certeza a meridanas y meridanos en la detecci\u00f3n y prevenci\u00f3n oportuna de la diabetes, la presidenta municipal Cecilia Patr\u00f3n Laviada encabez\u00f3 una mega campa\u00f1a de pruebas gratuitas durante la Feria de la Salud de esta semana, que se realiz\u00f3 en el marco del Mi\u00e9rcoles Ciudadano.<\/p>\n\n\n\n<p>\u201cLa diabetes implica una disminuci\u00f3n en la calidad de vida y hasta una discapacidad si no se detecta y atiende con oportunidad, por ello desde el Ayuntamiento implementamos este tipo de programas que nos permiten hacer una primera medici\u00f3n y canalizar a una siguiente instancia para seguimiento y atenci\u00f3n oportunos\u201d, extern\u00f3 la alcaldesa.<\/p>\n\n\n\n<p>La campa\u00f1a consisti\u00f3 en pruebas r\u00e1pidas de glucosa, valoraci\u00f3n inmediata y, si el resultado detectado fue alto, referencia a estudio de hemoglobina A1C para la medici\u00f3n del nivel promedio de glucosa en sangre y tener un diagn\u00f3stico de diabetes o prediabetes. Posteriormente, se dar\u00e1 seguimiento al padecimiento mediante el Centro Municipal de Atenci\u00f3n Nutricional y Diabetes.<\/p>\n\n\n\n<p>Este jueves 20 de noviembre habr\u00e1 una segunda mega jornada, a partir de las 8 a.m., en los Portales, a un lado del Museo de la Ciudad.<\/p>\n\n\n\n<p>Adem\u00e1s, el director de Bienestar Humano, Jes\u00fas P\u00e9rez Ballote, inform\u00f3 que durante lo que resta de noviembre las y los ciudadanos podr\u00e1n realizarse la prueba gratuita en alguno de los 17 m\u00f3dulos de salud del Ayuntamiento.<\/p>\n\n\n\n<p>En la zona sur, en San Antonio Xluch, Salvador Alvarado Sur, el Centro de Atenci\u00f3n M\u00e9dica de la Mujer, Renacimiento y Santa Rosa; en zona poniente, en Porvenir, Xocl\u00e1n, Nora Quintana y El Papa; en el oriente, en Azcorra, Vergel I y Emiliano Zapata Oriente; y en las comisar\u00edas de Chablekal, Cholul, Chich\u00ed Su\u00e1rez, Molas y Sitpach.<\/p>\n\n\n\n<p>Para hacerte la prueba es necesario llegar con ayuno de ocho horas (de preferencia), no haber consumido bebidas alcoh\u00f3licas o tabaco y no haber realizado ejercicio de alta intensidad horas previas a la prueba. Para m\u00e1s detalles de las sedes pueden ingresar a la p\u00e1gina merida.gob.mx\/bienestar<\/p>\n\n\n\n<p>Salud de la piel<\/p>\n\n\n\n<p>Por otra parte, Cecilia Patr\u00f3n suscribi\u00f3 a nombre del Ayuntamiento de M\u00e9rida una carta intenci\u00f3n con la asociaci\u00f3n civil Kanan de la Piel, representada por la doctora Brenda Alejandra Hermosillo Cardoza, para promover la salud dermatol\u00f3gica como parte integral del bienestar de las familias meridanas.<\/p>\n\n\n\n<p>La asociaci\u00f3n entreg\u00f3 mangas a las y los motociclistas beneficiados del programa Chambea Seguro de la Direcci\u00f3n de Desarrollo Social y Combate a la Pobreza, cuyos beneficiarios recibieron una pl\u00e1tica sobre la prevenci\u00f3n del c\u00e1ncer de piel.<\/p>\n\n\n\n<p>\u201cCuidar a la gente es lo primero. Por eso apostamos por la salud y la prevenci\u00f3n, llevando la atenci\u00f3n a quienes m\u00e1s lo necesitan para que nadie se quede atr\u00e1s. Con esta nueva alianza con Kanan de la Piel, en la Feria de la Salud promoveremos el cuidado dermatol\u00f3gico como parte integral del bienestar de las y los meridanos\u201d, puntualiz\u00f3 Cecilia Patr\u00f3n.<\/p>\n\n\n\n<p>Reconoci\u00f3 el valioso trabajo que realiza la asociaci\u00f3n para acercar estos servicios a quienes m\u00e1s lo necesitan, en una M\u00e9rida que crece y mejora cuando se trabaja colectivamente por un bien com\u00fan tan importante como mejorar la vida de las personas.<\/p>\n\n\n\n<p>\u201cHoy d\u00eda las enfermedades de la piel por la exposici\u00f3n al sol pueden llegar a ser muy riesgosas, por eso a trav\u00e9s de nuestros programas municipales y de promoci\u00f3n a la salud como ferias, jornadas o eventos organizados por el Ayuntamiento se garantiza una mayor difusi\u00f3n en la concientizaci\u00f3n y prevenci\u00f3n de estos padecimientos, un Ayuntamiento que cuida, acompa\u00f1a y protege a las y los meridanos\u201d, destac\u00f3 la alcaldesa.<\/p>\n\n\n\n<p>En cuanto a los Mi\u00e9rcoles Ciudadano, en lo que va de 2025 se han realizado 19 ediciones con 2 mil 747 reportes registrados, principalmente solicitudes de apoyos a la vivienda, desazolve de zanja con rejilla, orientaci\u00f3n jur\u00eddica y denuncias por construcciones y uso del suelo.<\/p>\n\n\n\n<p>Es un mecanismo de participaci\u00f3n ciudadana que cada d\u00eda se consolida como un espacio para conocer y atender de primera mano las necesidades de la sociedad. A este canal de cercan\u00eda con la las y los meridanos se suman el m\u00f3dulo de Atenci\u00f3n Ciudadana, Ayuntatel, y los programas Alcaldesa en tu Colonia y Comisar\u00edas.<\/p>\n","protected":false},"excerpt":{"rendered":"<p>M\u00c9RIDA, Yucat\u00e1n.- Para dar certeza a meridanas y meridanos en la detecci\u00f3n y prevenci\u00f3n oportuna de la diabetes, la presidenta municipal Cecilia Patr\u00f3n Laviada encabez\u00f3 una mega campa\u00f1a de pruebas<\/p>\n","protected":false},"author":2,"featured_media":136335,"comment_status":"open","ping_status":"open","sticky":false,"template":"","format":"standard","meta":{"jetpack_post_was_ever_published":false,"_jetpack_newsletter_access":"","_jetpack_dont_email_post_to_subs":false,"_jetpack_newsletter_tier_id":0,"_jetpack_memberships_contains_paywalled_content":false,"_jetpack_memberships_contains_paid_content":false,"footnotes":"","jetpack_publicize_message":"","jetpack_publicize_feature_enabled":true,"jetpack_social_post_already_shared":true,"jetpack_social_options":{"image_generator_settings":{"template":"highway","default_image_id":0,"font":"","enabled":false},"version":2}},"categories":[14],"tags":[],"class_list":["post-136333","post","type-post","status-publish","format-standard","has-post-thumbnail","hentry","category-merida"],"jetpack_publicize_connections":[],"jetpack_featured_media_url":"https:\/\/formalprision.com\/wp-content\/uploads\/2025\/11\/WhatsApp-Image-2025-11-19-at-4.14.52-PM1.jpeg","jetpack_sharing_enabled":true,"jetpack_shortlink":"https:\/\/wp.me\/p6id8p-zsV","_links":{"self":[{"href":"https:\/\/formalprision.com\/index.php?rest_route=\/wp\/v2\/posts\/136333","targetHints":{"allow":["GET"]}}],"collection":[{"href":"https:\/\/formalprision.com\/index.php?rest_route=\/wp\/v2\/posts"}],"about":[{"href":"https:\/\/formalprision.com\/index.php?rest_route=\/wp\/v2\/types\/post"}],"author":[{"embeddable":true,"href":"https:\/\/formalprision.com\/index.php?rest_route=\/wp\/v2\/users\/2"}],"replies":[{"embeddable":true,"href":"https:\/\/formalprision.com\/index.php?rest_route=%2Fwp%2Fv2%2Fcomments&post=136333"}],"version-history":[{"count":1,"href":"https:\/\/formalprision.com\/index.php?rest_route=\/wp\/v2\/posts\/136333\/revisions"}],"predecessor-version":[{"id":136334,"href":"https:\/\/formalprision.com\/index.php?rest_route=\/wp\/v2\/posts\/136333\/revisions\/136334"}],"wp:featuredmedia":[{"embeddable":true,"href":"https:\/\/formalprision.com\/index.php?rest_route=\/wp\/v2\/media\/136335"}],"wp:attachment":[{"href":"https:\/\/formalprision.com\/index.php?rest_route=%2Fwp%2Fv2%2Fmedia&parent=136333"}],"wp:term":[{"taxonomy":"category","embeddable":true,"href":"https:\/\/formalprision.com\/index.php?rest_route=%2Fwp%2Fv2%2Fcategories&post=136333"},{"taxonomy":"post_tag","embeddable":true,"href":"https:\/\/formalprision.com\/index.php?rest_route=%2Fwp%2Fv2%2Ftags&post=136333"}],"curies":[{"name":"wp","href":"https:\/\/api.w.org\/{rel}","templated":true}]}}