{"id":136336,"date":"2025-11-19T20:27:47","date_gmt":"2025-11-20T01:27:47","guid":{"rendered":"https:\/\/formalprision.com\/?p=136336"},"modified":"2025-11-20T08:21:26","modified_gmt":"2025-11-20T13:21:26","slug":"cecilia-patron-busca-a-la-primera-mujer-cronista-de-merida","status":"publish","type":"post","link":"https:\/\/formalprision.com\/?p=136336","title":{"rendered":"Cecilia Patr\u00f3n busca a la primera mujer cronista de M\u00e9rida"},"content":{"rendered":"\n<p>M\u00c9RIDA, Yucat\u00e1n.- El Ayuntamiento de M\u00e9rida busca a la primera cronista para que narre el devenir de la ciudad a trav\u00e9s de los ojos de una mujer, afirm\u00f3 la presidenta municipal Cecilia Patr\u00f3n Laviada.<\/p>\n\n\n\n<p>\u201cLas mujeres construimos todos los d\u00edas la ciudad, la amamos y la cuidamos, por ello es importante que la vida, la historia de nuestra ciudad, sea narrada con esa visi\u00f3n\u201d, subray\u00f3 la alcaldesa.<\/p>\n\n\n\n<p>Con esta elecci\u00f3n, M\u00e9rida contar\u00e1 con un Consejo de Cronistas de M\u00e9rida plural, con enfoques distintos y amplios, en el que las mujeres aportar\u00e1n a la preservaci\u00f3n de la historia y cultura de la capital yucateca.<\/p>\n\n\n\n<p>En la actualidad M\u00e9rida tiene tres cronistas: Gonzalo Navarrete Mu\u00f1oz y los reci\u00e9n nombrados, en agosto de este a\u00f1o, Jorge Victoria Ojeda y Jorge Cort\u00e9s Ancona.<\/p>\n\n\n\n<p>Las propuestas deber\u00e1n ser presentadas por asociaciones, clubes o universidades, con un m\u00e1ximo de dos personas postuladas por cada estado. La convocatoria esta abierta desde este 19 de noviembre de 2025 y cierra el 16 de enero de 2026. Las postulaciones ser\u00e1n recibidas de 8 a.m. a 5 p.m., en la Coordinaci\u00f3n General de Justicia Social y Desarrollo Humano, Palacio Municipal (calle 62 x 61 y 63).<\/p>\n\n\n\n<p>\u201cDesde el Ayuntamiento de M\u00e9rida haremos historia abriendo m\u00e1s espacios para las mujeres. M\u00e9rida no puede entenderse sin la mirada y la palabra de las mujeres, por eso celebramos esta convocatoria que nos har\u00e1 tener un Consejo de Cronistas plural y diverso\u201d, afirm\u00f3 Flora Zapata Mendiolea, coordinadora General de Justicia Social y Desarrollo Humano.<\/p>\n\n\n\n<p>Inform\u00f3 que los requisitos para participar son: ser nacida en Yucat\u00e1n y con m\u00e1s de 20 a\u00f1os de vecindad en M\u00e9rida comprobables, tener al menos 35 a\u00f1os cumplidos a la fecha de su nombramiento, una trayectoria intelectual: publicaciones y\/o conferencias sobre temas de la vida meridana y ser reconocida por su calidad humana, inter\u00e9s en investigaci\u00f3n, lectura, difusi\u00f3n cultural y valores c\u00edvicos.<\/p>\n\n\n\n<p>Deber\u00e1n presentar carta de postulaci\u00f3n, curr\u00edculum vitae con soportes, acta de nacimiento, documentos que acrediten vecindad en M\u00e9rida de al menos 20 a\u00f1os (demostrables preferentemente con certificado de vecindad o documentos oficiales, laborales, escolares), identificaci\u00f3n vigente, carta de motivos, publicaciones y trabajos sobre historia\/cultura de M\u00e9rida.<\/p>\n\n\n\n<p>M\u00e1s informaci\u00f3n en www.menda.gob.mx<\/p>\n","protected":false},"excerpt":{"rendered":"<p>M\u00c9RIDA, Yucat\u00e1n.- El Ayuntamiento de M\u00e9rida busca a la primera cronista para que narre el devenir de la ciudad a trav\u00e9s de los ojos de una mujer, afirm\u00f3 la presidenta<\/p>\n","protected":false},"author":2,"featured_media":136338,"comment_status":"open","ping_status":"open","sticky":false,"template":"","format":"standard","meta":{"jetpack_post_was_ever_published":false,"_jetpack_newsletter_access":"","_jetpack_dont_email_post_to_subs":false,"_jetpack_newsletter_tier_id":0,"_jetpack_memberships_contains_paywalled_content":false,"_jetpack_memberships_contains_paid_content":false,"footnotes":"","jetpack_publicize_message":"","jetpack_publicize_feature_enabled":true,"jetpack_social_post_already_shared":true,"jetpack_social_options":{"image_generator_settings":{"template":"highway","default_image_id":0,"font":"","enabled":false},"version":2}},"categories":[54],"tags":[],"class_list":["post-136336","post","type-post","status-publish","format-standard","has-post-thumbnail","hentry","category-yucatan"],"jetpack_publicize_connections":[],"jetpack_featured_media_url":"https:\/\/formalprision.com\/wp-content\/uploads\/2025\/11\/WhatsApp-Image-2025-11-19-at-4.27.09-PM.jpeg","jetpack_sharing_enabled":true,"jetpack_shortlink":"https:\/\/wp.me\/p6id8p-zsY","_links":{"self":[{"href":"https:\/\/formalprision.com\/index.php?rest_route=\/wp\/v2\/posts\/136336","targetHints":{"allow":["GET"]}}],"collection":[{"href":"https:\/\/formalprision.com\/index.php?rest_route=\/wp\/v2\/posts"}],"about":[{"href":"https:\/\/formalprision.com\/index.php?rest_route=\/wp\/v2\/types\/post"}],"author":[{"embeddable":true,"href":"https:\/\/formalprision.com\/index.php?rest_route=\/wp\/v2\/users\/2"}],"replies":[{"embeddable":true,"href":"https:\/\/formalprision.com\/index.php?rest_route=%2Fwp%2Fv2%2Fcomments&post=136336"}],"version-history":[{"count":1,"href":"https:\/\/formalprision.com\/index.php?rest_route=\/wp\/v2\/posts\/136336\/revisions"}],"predecessor-version":[{"id":136337,"href":"https:\/\/formalprision.com\/index.php?rest_route=\/wp\/v2\/posts\/136336\/revisions\/136337"}],"wp:featuredmedia":[{"embeddable":true,"href":"https:\/\/formalprision.com\/index.php?rest_route=\/wp\/v2\/media\/136338"}],"wp:attachment":[{"href":"https:\/\/formalprision.com\/index.php?rest_route=%2Fwp%2Fv2%2Fmedia&parent=136336"}],"wp:term":[{"taxonomy":"category","embeddable":true,"href":"https:\/\/formalprision.com\/index.php?rest_route=%2Fwp%2Fv2%2Fcategories&post=136336"},{"taxonomy":"post_tag","embeddable":true,"href":"https:\/\/formalprision.com\/index.php?rest_route=%2Fwp%2Fv2%2Ftags&post=136336"}],"curies":[{"name":"wp","href":"https:\/\/api.w.org\/{rel}","templated":true}]}}