{"id":136342,"date":"2025-11-19T21:12:56","date_gmt":"2025-11-20T02:12:56","guid":{"rendered":"https:\/\/formalprision.com\/?p=136342"},"modified":"2025-11-19T21:12:56","modified_gmt":"2025-11-20T02:12:56","slug":"merida-cuenta-con-alianzas-estrategicas-por-la-autonomia-y-empoderamiento-de-las-mujeres","status":"publish","type":"post","link":"https:\/\/formalprision.com\/?p=136342","title":{"rendered":"M\u00e9rida cuenta con alianzas estrat\u00e9gicas por la autonom\u00eda y empoderamiento de las mujeres"},"content":{"rendered":"\n<p>M\u00c9RIDA, Yucat\u00e1n.- Desde la Coordinaci\u00f3n de Alianzas Estrat\u00e9gicas del Instituto de las Mujeres, el Ayuntamiento de M\u00e9rida impulsa acciones que promueven la autonom\u00eda, el bienestar integral y el fortalecimiento de las mujeres, a trav\u00e9s de herramientas que favorecen su independencia econ\u00f3mica y su desarrollo personal y profesional.<\/p>\n\n\n\n<p>En el marco del D\u00eda Internacional de la Mujer Emprendedora, se realiz\u00f3 el conversatorio \u201cAlianzas para emprender\u201d en el auditorio del Centro Cultural Olimpo, en el que participaron integrantes de la red del instituto, as\u00ed como beneficiarias de los programas de la Direcci\u00f3n de Prosperidad y Bienestar Econ\u00f3mico.<\/p>\n\n\n\n<p>\u201cCecilia es su aliada, viendo c\u00f3mo impulsar a las mujeres valientes y decididas que tienen la responsabilidad de generar sus propios ingresos, capacitarse y formarse, que eso es lo que venimos a hacer aqu\u00ed de la mano del Instituto de las Mujeres para mejorar su calidad de vida y la de sus familias\u201d, extern\u00f3 la presidenta municipal Cecilia Patr\u00f3n Laviada en su mensaje a las participantes.<\/p>\n\n\n\n<p>Durante la jornada se imparti\u00f3 la charla \u201cAprende a separar las finanzas de tu negocio, de las de tu familia\u201d y se llev\u00f3 a cabo el conversatorio \u201cMujeres construyendo su autonom\u00eda financiera\u201d, ambos espacios dirigidos a fortalecer conocimientos clave para la toma de decisiones econ\u00f3micas informadas.<\/p>\n\n\n\n<p>Desde el Instituto de las Mujeres que encabeza Yahayra Centeno Ceballos, se impulsa la autonom\u00eda econ\u00f3mica de las mujeres, se han realizado 29 Bazaritas \u201cAliadas para emprender\u201d en M\u00e9rida y sus comisar\u00edas \u2014Molas, Yaxnic, Tex\u00e1n C\u00e1mara, Dzununc\u00e1n y Komch\u00e9n\u2014 adem\u00e1s de contar con 11 espacios individuales de comercializaci\u00f3n promovidos durante la presente administraci\u00f3n.<\/p>\n\n\n\n<p>En total, m\u00e1s de 300 emprendimientos han participado, promoviendo el crecimiento de sus negocios, procesos formativos y capacitaciones, al igual que espacios de aprendizaje para reforzar habilidades blandas, t\u00e9cnico-productivas y socioemocionales de las meridanas que buscan consolidar sus negocios y formas de sustento.<\/p>\n\n\n\n<p>Entre los cursos y talleres impartidos se encuentran el \u201cReconociendo mis autonom\u00edas\u201d, \u201cFinanzas personales\u201d, \u201cCanva b\u00e1sico para emprendedoras\u201d, \u201cFotograf\u00eda de productos\u201d, \u201cMi primera red social\u201d, de yeso cer\u00e1mico, macram\u00e9 y m\u00e1s.<\/p>\n\n\n\n<p>Asimismo, en coordinaci\u00f3n con CECATI y con becas otorgadas por el propio instituto, se impartieron cursos como: \u201cPlan de negocios\u201d, \u201cCreaci\u00f3n de contenido digital\u201d, \u201cCreaci\u00f3n de una tienda digital\u201d, as\u00ed como elaboraci\u00f3n de jabones artesanales, velas arom\u00e1ticas, plomer\u00eda b\u00e1sica, refrigeraci\u00f3n y aires acondicionados, entre otros.<\/p>\n\n\n\n<p>Durante 2025 el gobierno municipal ha brindado m\u00e1s de 800 asesor\u00edas, tanto individuales como grupales, en temas como \u201cDise\u00f1o de logotipos\u201d, \u201cCreaci\u00f3n de contenido para redes sociales\u201d, \u201cRegistro de marca\u201d, \u201cCosteo de productos\u201d, \u201cInserci\u00f3n laboral\u201d y bolsas de trabajo.<\/p>\n\n\n\n<p>Adem\u00e1s de la derivaci\u00f3n a programas especializados en emprendimiento, autonom\u00eda econ\u00f3mica y educaci\u00f3n, y la canalizaci\u00f3n al \u00e1rea especializada en prevenci\u00f3n y atenci\u00f3n de la violencia de g\u00e9nero.<\/p>\n\n\n\n<p>Estas asesor\u00edas contribuyen directamente al empoderamiento y autonom\u00eda econ\u00f3mica de las mujeres participantes, en un trabajo colaborativo interinstitucional desde el Instituto de las Mujeres, manteniendo una vinculaci\u00f3n constante con organizaciones privadas, asociaciones civiles e instituciones p\u00fablicas que ofrecen servicios y programas a favor del desarrollo integral de las mujeres.<\/p>\n\n\n\n<p>En la actividad acompa\u00f1\u00f3 a la alcaldesa la s\u00edndica municipal, Mar\u00eda Cristina Castillo Espinoza.<\/p>\n","protected":false},"excerpt":{"rendered":"<p>M\u00c9RIDA, Yucat\u00e1n.- Desde la Coordinaci\u00f3n de Alianzas Estrat\u00e9gicas del Instituto de las Mujeres, el Ayuntamiento de M\u00e9rida impulsa acciones que promueven la autonom\u00eda, el bienestar integral y el fortalecimiento de<\/p>\n","protected":false},"author":2,"featured_media":136344,"comment_status":"open","ping_status":"open","sticky":false,"template":"","format":"standard","meta":{"jetpack_post_was_ever_published":false,"_jetpack_newsletter_access":"","_jetpack_dont_email_post_to_subs":false,"_jetpack_newsletter_tier_id":0,"_jetpack_memberships_contains_paywalled_content":false,"_jetpack_memberships_contains_paid_content":false,"footnotes":"","jetpack_publicize_message":"","jetpack_publicize_feature_enabled":true,"jetpack_social_post_already_shared":true,"jetpack_social_options":{"image_generator_settings":{"template":"highway","default_image_id":0,"font":"","enabled":false},"version":2}},"categories":[14],"tags":[],"class_list":["post-136342","post","type-post","status-publish","format-standard","has-post-thumbnail","hentry","category-merida"],"jetpack_publicize_connections":[],"jetpack_featured_media_url":"https:\/\/formalprision.com\/wp-content\/uploads\/2025\/11\/WhatsApp-Image-2025-11-19-at-7.02.08-PM.jpeg","jetpack_sharing_enabled":true,"jetpack_shortlink":"https:\/\/wp.me\/p6id8p-zt4","_links":{"self":[{"href":"https:\/\/formalprision.com\/index.php?rest_route=\/wp\/v2\/posts\/136342","targetHints":{"allow":["GET"]}}],"collection":[{"href":"https:\/\/formalprision.com\/index.php?rest_route=\/wp\/v2\/posts"}],"about":[{"href":"https:\/\/formalprision.com\/index.php?rest_route=\/wp\/v2\/types\/post"}],"author":[{"embeddable":true,"href":"https:\/\/formalprision.com\/index.php?rest_route=\/wp\/v2\/users\/2"}],"replies":[{"embeddable":true,"href":"https:\/\/formalprision.com\/index.php?rest_route=%2Fwp%2Fv2%2Fcomments&post=136342"}],"version-history":[{"count":1,"href":"https:\/\/formalprision.com\/index.php?rest_route=\/wp\/v2\/posts\/136342\/revisions"}],"predecessor-version":[{"id":136343,"href":"https:\/\/formalprision.com\/index.php?rest_route=\/wp\/v2\/posts\/136342\/revisions\/136343"}],"wp:featuredmedia":[{"embeddable":true,"href":"https:\/\/formalprision.com\/index.php?rest_route=\/wp\/v2\/media\/136344"}],"wp:attachment":[{"href":"https:\/\/formalprision.com\/index.php?rest_route=%2Fwp%2Fv2%2Fmedia&parent=136342"}],"wp:term":[{"taxonomy":"category","embeddable":true,"href":"https:\/\/formalprision.com\/index.php?rest_route=%2Fwp%2Fv2%2Fcategories&post=136342"},{"taxonomy":"post_tag","embeddable":true,"href":"https:\/\/formalprision.com\/index.php?rest_route=%2Fwp%2Fv2%2Ftags&post=136342"}],"curies":[{"name":"wp","href":"https:\/\/api.w.org\/{rel}","templated":true}]}}