{"id":136373,"date":"2025-11-20T22:51:23","date_gmt":"2025-11-21T03:51:23","guid":{"rendered":"https:\/\/formalprision.com\/?p=136373"},"modified":"2025-11-20T22:51:23","modified_gmt":"2025-11-21T03:51:23","slug":"merida-celebra-el-legado-y-la-identidad-con-las-mujeres-y-su-sabiduria-ancestral","status":"publish","type":"post","link":"https:\/\/formalprision.com\/?p=136373","title":{"rendered":"M\u00e9rida celebra el legado y la identidad con \u201cLas mujeres y su sabidur\u00eda ancestral\u201d"},"content":{"rendered":"\n<p>M\u00c9RIDA, Yucat\u00e1n.- El Ayuntamiento de M\u00e9rida, que encabeza la presidenta municipal Cecilia Patr\u00f3n Laviada, present\u00f3 el proyecto cultural \u201cM\u00e9rida: Las mujeres y su sabidur\u00eda ancestral\u201d, una iniciativa que reconoce la memoria, la aportaci\u00f3n y el legado de las mujeres mayores de 60 a\u00f1os, particularmente aquellas originarias del municipio.<\/p>\n\n\n\n<p>El proyecto que organiza el dise\u00f1ador y director creativo Pompi Garc\u00eda, re\u00fane moda, arte, fotograf\u00eda e historia para rendir un homenaje visual a las mujeres que han transmitido conocimientos, tradiciones y oficio de generaci\u00f3n en generaci\u00f3n.<\/p>\n\n\n\n<p>Como parte de este programa, se realizar\u00e1 la pasarela \u201cRetratos de familia: entre la vida y la muerte\u201d, este viernes 21 de noviembre, a las 8 de la noche, en el Parque la Paz.<\/p>\n\n\n\n<p>Participar\u00e1n entre 15 y 18 mujeres personas mayores que lucir\u00e1n indumentaria tradicional elaborada por comunidades artesanales de M\u00e9rida. La puesta en escena recrear\u00e1 la est\u00e9tica de los retratos familiares de principios del siglo XX.<\/p>\n\n\n\n<p>Arturo Le\u00f3n Itz\u00e1, director de Desarrollo Social y Combate a la Pobreza, se\u00f1al\u00f3 que este proyecto representa una M\u00e9rida que crece reconociendo a quienes han preservado su historia.<\/p>\n\n\n\n<p>\u201cEn M\u00e9rida tenemos la responsabilidad de reconocer a quienes han construido esta ciudad con sus manos y su talento. Este proyecto es tambi\u00e9n un acto de gratitud hacia nuestras mujeres mayores, quienes han transmitido conocimientos valiosos por generaciones\u201d, afirm\u00f3.<\/p>\n\n\n\n<p>Esta iniciativa de Pompi Garc\u00eda, se incorpora al programa M\u00e9rida Joven, reforzando el compromiso municipal con el impulso al talento juvenil y los espacios de expresi\u00f3n que construyen comunidad.<\/p>\n\n\n\n<p>En este sentido, el 22 de noviembre se llevar\u00e1 a cabo la Master Class \u201cModa, Identidad y Creatividad\u201d con Pompi Garc\u00eda, en el Sal\u00f3n de los Retratos del Centro Cultural Olimpo, dirigida a j\u00f3venes dise\u00f1adores, fot\u00f3grafos, artistas y creativos.<\/p>\n\n\n\n<p>Este encuentro tendr\u00e1 ejercicios pr\u00e1cticos que incluir\u00e1n maquillaje, fotograf\u00eda y estilismo con mujeres mayores como modelos, con el objetivo de reflexionar y crear desde la identidad meridana.<\/p>\n\n\n\n<p>\u201cHoy apostamos por proyectos que unen generaciones, que combinan memoria y creatividad y que muestran que una M\u00e9rida m\u00e1s justa se construye con todas y todos\u201d, destac\u00f3 Arturo Le\u00f3n.<\/p>\n\n\n\n<p>Estuvieron en la presentaci\u00f3n Claudia Isela Chapa Cort\u00e9s, subdirectora de Cultura; el dise\u00f1ador invitado Pompi Garc\u00eda; Elda May y Jonathan Uitz de la marca Muum de Kimbil\u00e1; Guillermo Alay\u00f3n, director creativo, coordinador del evento y dise\u00f1ador de la marca In Love; e Iv\u00e1n Ponce, anfitri\u00f3n de Senza.<\/p>\n\n\n\n<p>Con acciones como esta, el Ayuntamiento de M\u00e9rida reafirma su compromiso de impulsar una ciudad cercana, humana y con oportunidades de desarrollo que alcancen a todas las personas, sin dejar a nadie atr\u00e1s.<\/p>\n\n\n\n<p>Para mayores informes sobre los programas sociales, la ciudadan\u00eda puede acudir a las ventanillas de la Direcci\u00f3n de Desarrollo Social y Combate a la Pobreza, ubicadas en C. 65 No. 368 Int. x 40 y 42, Col. Centro, o comunicarse a los tel\u00e9fonos (999) 924 6900 y (999) 924 6962, ext. 81750, de lunes a viernes de 8:00 a.m. a 3:00 p.m.<\/p>\n","protected":false},"excerpt":{"rendered":"<p>M\u00c9RIDA, Yucat\u00e1n.- El Ayuntamiento de M\u00e9rida, que encabeza la presidenta municipal Cecilia Patr\u00f3n Laviada, present\u00f3 el proyecto cultural \u201cM\u00e9rida: Las mujeres y su sabidur\u00eda ancestral\u201d, una iniciativa que reconoce la<\/p>\n","protected":false},"author":2,"featured_media":136375,"comment_status":"open","ping_status":"open","sticky":false,"template":"","format":"standard","meta":{"jetpack_post_was_ever_published":false,"_jetpack_newsletter_access":"","_jetpack_dont_email_post_to_subs":false,"_jetpack_newsletter_tier_id":0,"_jetpack_memberships_contains_paywalled_content":false,"_jetpack_memberships_contains_paid_content":false,"footnotes":"","jetpack_publicize_message":"","jetpack_publicize_feature_enabled":true,"jetpack_social_post_already_shared":true,"jetpack_social_options":{"image_generator_settings":{"template":"highway","default_image_id":0,"font":"","enabled":false},"version":2}},"categories":[14],"tags":[],"class_list":["post-136373","post","type-post","status-publish","format-standard","has-post-thumbnail","hentry","category-merida"],"jetpack_publicize_connections":[],"jetpack_featured_media_url":"https:\/\/formalprision.com\/wp-content\/uploads\/2025\/11\/WhatsApp-Image-2025-11-20-at-7.41.14-PM.jpeg","jetpack_sharing_enabled":true,"jetpack_shortlink":"https:\/\/wp.me\/p6id8p-ztz","_links":{"self":[{"href":"https:\/\/formalprision.com\/index.php?rest_route=\/wp\/v2\/posts\/136373","targetHints":{"allow":["GET"]}}],"collection":[{"href":"https:\/\/formalprision.com\/index.php?rest_route=\/wp\/v2\/posts"}],"about":[{"href":"https:\/\/formalprision.com\/index.php?rest_route=\/wp\/v2\/types\/post"}],"author":[{"embeddable":true,"href":"https:\/\/formalprision.com\/index.php?rest_route=\/wp\/v2\/users\/2"}],"replies":[{"embeddable":true,"href":"https:\/\/formalprision.com\/index.php?rest_route=%2Fwp%2Fv2%2Fcomments&post=136373"}],"version-history":[{"count":1,"href":"https:\/\/formalprision.com\/index.php?rest_route=\/wp\/v2\/posts\/136373\/revisions"}],"predecessor-version":[{"id":136374,"href":"https:\/\/formalprision.com\/index.php?rest_route=\/wp\/v2\/posts\/136373\/revisions\/136374"}],"wp:featuredmedia":[{"embeddable":true,"href":"https:\/\/formalprision.com\/index.php?rest_route=\/wp\/v2\/media\/136375"}],"wp:attachment":[{"href":"https:\/\/formalprision.com\/index.php?rest_route=%2Fwp%2Fv2%2Fmedia&parent=136373"}],"wp:term":[{"taxonomy":"category","embeddable":true,"href":"https:\/\/formalprision.com\/index.php?rest_route=%2Fwp%2Fv2%2Fcategories&post=136373"},{"taxonomy":"post_tag","embeddable":true,"href":"https:\/\/formalprision.com\/index.php?rest_route=%2Fwp%2Fv2%2Ftags&post=136373"}],"curies":[{"name":"wp","href":"https:\/\/api.w.org\/{rel}","templated":true}]}}