{"id":136388,"date":"2025-11-21T19:30:18","date_gmt":"2025-11-22T00:30:18","guid":{"rendered":"https:\/\/formalprision.com\/?p=136388"},"modified":"2025-11-21T19:30:18","modified_gmt":"2025-11-22T00:30:18","slug":"el-ayuntamiento-de-merida-reconoce-el-legado-artistico-de-gabriel-ramirez","status":"publish","type":"post","link":"https:\/\/formalprision.com\/?p=136388","title":{"rendered":"El Ayuntamiento de M\u00e9rida reconoce el legado art\u00edstico de Gabriel Ram\u00edrez"},"content":{"rendered":"\n<p>M\u00c9RIDA, Yucat\u00e1n.- Hablar de Gabriel Ram\u00edrez Aznar es adentrarse a un universo donde el color, la iron\u00eda y el trazo siguen vigentes a pesar de su partida. El patio del Centro Cultural Olimpo se transform\u00f3 la noche del jueves en un espacio donde las an\u00e9cdotas, trayectoria, legado art\u00edstico y las ideas del maestro yucateco se escucharon en voces de cuatro personajes que interactuaron con \u00e9l, disfrutaron su compa\u00f1\u00eda y caminaron con su arte.<\/p>\n\n\n\n<p>La charla del homenaje p\u00f3stumo dur\u00f3 cerca de una hora y fue un merecido reconocimiento al maestro Gabriel, al que asistieron familiares y sus seres queridos, su viuda Georgeanne Ann Huck y amigos de la comunidad art\u00edstica.<\/p>\n\n\n\n<p>La alcaldesa Cecilia Patr\u00f3n Laviada se sum\u00f3 al homenaje destacando lo maravilloso que es recordar a uno de los grandes artistas yucatecos, cuya obra puede disfrutarse en este momento en las salas del Centro Cultural Olimpo en la colecci\u00f3n \u201cGesto y Color\u201d.<\/p>\n\n\n\n<p>Asimismo dijo que una de las salas del espacio cultural llevar\u00e1 el nombre del artista, maestro de la forma y el color como homenaje y reconocimiento al legado art\u00edstico de Ram\u00edrez Aznar.<\/p>\n\n\n\n<p>Mar\u00eda Teresa M\u00e9zquita M\u00e9ndez, directora de la Feria Internacional de la Lectura Yucat\u00e1n (FILEY), record\u00f3 que como parte de su labor period\u00edstica conoci\u00f3 primero la obra de Gabriel, m\u00e1s que al artista. \u201cQued\u00e9 impactada con sus cuadros, una experiencia que no olvido, ya despu\u00e9s en entrevistas disfrutaba mucho sus charlas\u201d.<\/p>\n\n\n\n<p>Luis Ram\u00edrez Carrillo, sobrino del homenajeado, profundiz\u00f3 m\u00e1s sus an\u00e9cdotas, remont\u00e1ndose a uno de los m\u00e1s viejos recuerdos de la infancia sobre un sue\u00f1o que acompa\u00f1\u00f3 a Gabriel toda su vida y que se repet\u00eda en especial cada a\u00f1o en las temporadas en las que pintaba con m\u00e1s ah\u00ednco.<\/p>\n\n\n\n<p>Expuso que Gabriel Ram\u00edrez pintaba por una necesidad interior, no porque le quisiera decir algo a nadie. \u201cPara \u00e9l, el espectador lo ten\u00eda sin cuidado, lo mismo que vender o no vender, exponer o no exponer; no buscaba nada porque ya lo hab\u00eda encontrado: lo hizo muy temprano, desde los cinco a\u00f1os cuando evit\u00f3 que el monstruo de la vida normal y cotidiana lo devorara\u201d.<\/p>\n\n\n\n<p>Tambi\u00e9n expuso que Gabriel pintaba por necesidad de seguir sobreviviendo y finalmente, por el ego\u00edsta y personal placer que le daba el acto simple, repetido, forzoso y \u00fanico de pintar.<\/p>\n\n\n\n<p>\u201cPor ese placer manten\u00eda el ritual diario de la tela, el olor de la pintura, apretar los tubos y usar los colores primarios. Levantarse a las cuatro de la ma\u00f1ana, leer hasta que sal\u00eda el sol, pintar con la primera luz del d\u00eda hasta que el calor se volv\u00eda denso. Cumplida la pintura del d\u00eda, su vida estaba hecha. Todo lo dem\u00e1s que siguiera era lo de menos\u201d, apunt\u00f3 Ram\u00edrez Carrillo.<\/p>\n\n\n\n<p>En opini\u00f3n del artista Roy Sobrino, el maestro Gabriel es el pintor contempor\u00e1neo m\u00e1s importante en Yucat\u00e1n ya que pose\u00eda intelectualidad, arte, pintura, m\u00fasica, conocimientos de cine, fue amigo de los mejores cr\u00edticos del pa\u00eds y de las mejores plumas que escribieron sobre, c\u00f3mo Jos\u00e9 de la Colina, \u00c1lvaro Mutis y muchos m\u00e1s.<\/p>\n\n\n\n<p>Tambi\u00e9n record\u00f3 su legado gr\u00e1fico y colaboraciones a trav\u00e9s del suplemento el Unicornio y en la revista de arte Camale\u00f3n, muy apreciadas por la comunidad.<\/p>\n\n\n\n<p>Samia Farah habl\u00f3 tambi\u00e9n de la vena literaria que corr\u00eda por Gabriel y la afinidad que encontr\u00f3 entre su obra y la propia, trabajando como curadora de arte. \u201cSabemos que pintaban fren\u00e9ticamente, luego tomaba descansos, regresaba a las letras, se iba a proyecto filmogr\u00e1ficos, me gusta mucho su obra, la iron\u00eda que muestra en sus cuadros, los t\u00edtulos que hablan de verdad y broma, que transforman la realidad en cada trazo\u201d.<\/p>\n\n\n\n<p>Mario Torre cerr\u00f3 la velada con comentarios sobre la amistad con Gabriel en los \u00faltimos a\u00f1os, un artista que deja una huella innegable y una frase que el artista le comparti\u00f3 antes de fallecer: \u201cSiempre so\u00f1\u00e9 que alg\u00fan d\u00eda lo contar\u00eda todo, pero no para alguien sino para m\u00ed, que alg\u00fan d\u00eda so\u00f1\u00e9 con contarlo todo\u201d, concluy\u00f3.<\/p>\n\n\n\n<p>Para quienes quieren conocer parte del legado del artista, la exposici\u00f3n \u201cGesto y Color: el legado de Gabriel Ram\u00edrez\u201d se abri\u00f3 en junio pasado y permanecer\u00e1 expuesta hasta el 14 de diciembre del a\u00f1o en curso. Se puede visitar de martes a domingo, en las tres salas del Olimpo, el acceso es libre.<\/p>\n","protected":false},"excerpt":{"rendered":"<p>M\u00c9RIDA, Yucat\u00e1n.- Hablar de Gabriel Ram\u00edrez Aznar es adentrarse a un universo donde el color, la iron\u00eda y el trazo siguen vigentes a pesar de su partida. El patio del<\/p>\n","protected":false},"author":2,"featured_media":136389,"comment_status":"open","ping_status":"open","sticky":false,"template":"","format":"standard","meta":{"jetpack_post_was_ever_published":false,"_jetpack_newsletter_access":"","_jetpack_dont_email_post_to_subs":false,"_jetpack_newsletter_tier_id":0,"_jetpack_memberships_contains_paywalled_content":false,"_jetpack_memberships_contains_paid_content":false,"footnotes":"","jetpack_publicize_message":"","jetpack_publicize_feature_enabled":true,"jetpack_social_post_already_shared":true,"jetpack_social_options":{"image_generator_settings":{"template":"highway","default_image_id":0,"font":"","enabled":false},"version":2}},"categories":[14],"tags":[],"class_list":["post-136388","post","type-post","status-publish","format-standard","has-post-thumbnail","hentry","category-merida"],"jetpack_publicize_connections":[],"jetpack_featured_media_url":"https:\/\/formalprision.com\/wp-content\/uploads\/2025\/11\/WhatsApp-Image-2025-11-21-at-5.05.54-PM1.jpeg","jetpack_sharing_enabled":true,"jetpack_shortlink":"https:\/\/wp.me\/p6id8p-ztO","_links":{"self":[{"href":"https:\/\/formalprision.com\/index.php?rest_route=\/wp\/v2\/posts\/136388","targetHints":{"allow":["GET"]}}],"collection":[{"href":"https:\/\/formalprision.com\/index.php?rest_route=\/wp\/v2\/posts"}],"about":[{"href":"https:\/\/formalprision.com\/index.php?rest_route=\/wp\/v2\/types\/post"}],"author":[{"embeddable":true,"href":"https:\/\/formalprision.com\/index.php?rest_route=\/wp\/v2\/users\/2"}],"replies":[{"embeddable":true,"href":"https:\/\/formalprision.com\/index.php?rest_route=%2Fwp%2Fv2%2Fcomments&post=136388"}],"version-history":[{"count":1,"href":"https:\/\/formalprision.com\/index.php?rest_route=\/wp\/v2\/posts\/136388\/revisions"}],"predecessor-version":[{"id":136390,"href":"https:\/\/formalprision.com\/index.php?rest_route=\/wp\/v2\/posts\/136388\/revisions\/136390"}],"wp:featuredmedia":[{"embeddable":true,"href":"https:\/\/formalprision.com\/index.php?rest_route=\/wp\/v2\/media\/136389"}],"wp:attachment":[{"href":"https:\/\/formalprision.com\/index.php?rest_route=%2Fwp%2Fv2%2Fmedia&parent=136388"}],"wp:term":[{"taxonomy":"category","embeddable":true,"href":"https:\/\/formalprision.com\/index.php?rest_route=%2Fwp%2Fv2%2Fcategories&post=136388"},{"taxonomy":"post_tag","embeddable":true,"href":"https:\/\/formalprision.com\/index.php?rest_route=%2Fwp%2Fv2%2Ftags&post=136388"}],"curies":[{"name":"wp","href":"https:\/\/api.w.org\/{rel}","templated":true}]}}