{"id":136391,"date":"2025-11-21T20:02:49","date_gmt":"2025-11-22T01:02:49","guid":{"rendered":"https:\/\/formalprision.com\/?p=136391"},"modified":"2025-11-22T19:33:24","modified_gmt":"2025-11-23T00:33:24","slug":"el-merida-fest-2026-celebrara-484-anos-de-la-ciudad-con-arte-cultura-y-color-en-cada-calle","status":"publish","type":"post","link":"https:\/\/formalprision.com\/?p=136391","title":{"rendered":"El M\u00e9rida Fest 2026 celebrar\u00e1 484 a\u00f1os de la ciudad con arte, cultura y color en cada calle"},"content":{"rendered":"\n<p>M\u00c9RIDA, Yucat\u00e1n.- La capital yucateca cumplir\u00e1 484 a\u00f1os de su fundaci\u00f3n y para celebrarlo el Ayuntamiento realizar\u00e1 el M\u00e9rida Fest 2026 del 5 al 18 de enero con amplia cartelera que dio a conocer la presidenta municipal Cecilia Patr\u00f3n Laviada, una magna fiesta que refleja una ciudad viva, orgullosa de su historia y convencida de su futuro.<\/p>\n\n\n\n<p>\u201cLa Chula cumplir\u00e1 484 a\u00f1os, y qu\u00e9 mejor forma de reconocer estos a\u00f1os de nobleza y lealtad que a trav\u00e9s de la cultura, algo que nos da identidad comunitaria y nos hace ser definitivamente la mejor ciudad de M\u00e9xico. Y eso es gracias a la participaci\u00f3n de todas y todos, de la gente\u201d, se\u00f1al\u00f3 la mun\u00edcipe.<\/p>\n\n\n\n<p>La fiesta contar\u00e1 con los conciertos estelares de Reik y el estreno mundial del homenaje al maestro Armando Manzanero titulado \u201cManzanero regresa a casa\u201d, que contar\u00e1 con las voces de Francisco C\u00e9spedes, Alex Lora, Gina Osorno, David Cavazos, Los Juglares y Juan Pablo Manzanero.<\/p>\n\n\n\n<p>Acompa\u00f1ada de la coordinadora general de Justicia Social y Desarrollo Humano, Flora Zapata Mendiolea, y la directora de Identidad y Cultura, Karla Berr\u00f3n C\u00e1mara, as\u00ed como artistas que formar\u00e1n parte de la cartelera de celebraci\u00f3n, la alcaldesa indic\u00f3 que M\u00e9rida Fest 2026 tendr\u00e1 90 proyectos art\u00edsticos, 203 actividades y presentaciones con la participaci\u00f3n de 909 artistas locales y de ocho pa\u00edses invitados: Cuba, Alemania, Estados Unidos, Argentina, Espa\u00f1a, Colombia, B\u00e9lgica y Uruguay.<\/p>\n\n\n\n<p>El programa ser\u00e1 en 83 diferentes sedes donde las familias meridanas y visitantes podr\u00e1n disfrutar de cada evento de forma gratuita.<\/p>\n\n\n\n<p>Cecilia comparti\u00f3 que su compromiso con la comunidad art\u00edstica yucateca es que fueran parte de la toma de decisiones y esta oferta cultural en el marco de la celebraci\u00f3n del aniversario de la ciudad es muestra de ello, y M\u00e9rida disfrutar\u00e1 del talento art\u00edstico local que reconoce en el M\u00e9rida Fest.<\/p>\n\n\n\n<p>\u201cM\u00e9rida es una ciudad que ha crecido y se ha adaptado sin perder su esencia. Una comunidad amable, c\u00e1lida y profundamente conectada con sus tradiciones. El talento local vuelve a brillar y enriquece la cartelera internacional, mostrando el orgullo y la creatividad de nuestras y nuestros artistas\u201d, resalt\u00f3.<\/p>\n\n\n\n<p>Tambi\u00e9n anunci\u00f3 que habr\u00e1 tres estrenos estelares internacionales de la Orquesta Cubateca con Jazz del Mayab y del Caribe, el Festival Crece con m\u00fasica para las infancias y SacBeats; y Mar\u00eda Moctezuma &amp; Djonni L\u00e1ser, una conexi\u00f3n entre la ra\u00edz mesoamericana y el beat global.<\/p>\n\n\n\n<figure class=\"wp-block-image size-full\"><a href=\"http:\/\/formalprision.com\/wp-content\/uploads\/2025\/11\/WhatsApp-Image-2025-11-21-at-5.24.50-PM.jpeg\"><img loading=\"lazy\" decoding=\"async\" width=\"900\" height=\"600\" src=\"http:\/\/formalprision.com\/wp-content\/uploads\/2025\/11\/WhatsApp-Image-2025-11-21-at-5.24.50-PM.jpeg\" alt=\"\" class=\"wp-image-136394\" srcset=\"https:\/\/formalprision.com\/wp-content\/uploads\/2025\/11\/WhatsApp-Image-2025-11-21-at-5.24.50-PM.jpeg 900w, https:\/\/formalprision.com\/wp-content\/uploads\/2025\/11\/WhatsApp-Image-2025-11-21-at-5.24.50-PM-300x200.jpeg 300w, https:\/\/formalprision.com\/wp-content\/uploads\/2025\/11\/WhatsApp-Image-2025-11-21-at-5.24.50-PM-768x512.jpeg 768w\" sizes=\"auto, (max-width: 900px) 100vw, 900px\" \/><\/a><\/figure>\n\n\n\n<p>Tambi\u00e9n se presentar\u00e1n ocho estrenos estelares de artistas locales: en danza, Cortar Anclas (Danzas para la Purificaci\u00f3n); las puestas en escena Et\u00e9ocles y Los Secretos de Do\u00f1a Esperanza; en m\u00fasica, Territorio Vivo, Cuatro generaciones de m\u00fasica contempor\u00e1nea y M\u00e9riDanSo\u00f1ando, y las dos muestras interdisciplinarias Encuentros en Tr\u00e1nsito y El Jard\u00edn de los Sue\u00f1os.<\/p>\n\n\n\n<p>Por su parte, Karla Berr\u00f3n comparti\u00f3 que se preparan los eventos tradicionales como la Alborada, para cantarle las ma\u00f1anitas a nuestra ciudad; la misa en la Catedral con la participaci\u00f3n de la Orquesta de C\u00e1mara y el Coro de la Ciudad; la serenatas y la Semana Meridana.<\/p>\n\n\n\n<p>Agreg\u00f3 que dentro de las disciplinas que conforman este festejo a M\u00e9rida se encuentran artistas de m\u00fasica con 27 proyectos y 34 presentaciones; 11 eventos tradicionales con 12 presentaciones; tandas regionales con 30 presentaciones; y nueve proyectos teatrales con 26 presentaciones; cine con un proyecto art\u00edstico en tres proyecciones, y un fashion week \u201cLo hecho en M\u00e9xico Ball\u201d.<\/p>\n\n\n\n<p>Habr\u00e1 seis proyectos interdisciplinarios, cinco recorridos con la participaci\u00f3n de 40 galer\u00edas en cinco ejes de la ciudad, cinco presentaciones de danza, seis presentaciones literarias de cuatro proyectos, cinco presentaciones art\u00edsticas infantiles, dos actividades acad\u00e9micas, y cinco exposiciones.<\/p>\n\n\n\n<p>La directora precis\u00f3 que en estas exposiciones de artes visuales destacan Cr\u00f3nicas del Mayab, pinceladas del maestro Manuel Lizama; la colecci\u00f3n del Macay en el Museo de la Ciudad; La eternidad y sus espejos: po\u00e9ticas de lo instant\u00e1neo, en el Centro Cultural Fernando Castro Pacheco; y Entre el poder y la sangre: arte en el entorno maya, del artista Raymundo Mart\u00edn.<\/p>\n\n\n\n<p>A esta oferta se suma la gastronom\u00eda con la participaci\u00f3n de cocinas populares en el Remate de Paseo de Montejo, y disfruta del sabor de la mejor cocina yucateca en familia con la participaci\u00f3n de Taquer\u00eda PMC, Tortas Don Omar, Desde Tixkokob La Terraza de Tila, Wayane y La Reina Itzalana.<\/p>\n\n\n\n<p>El Ayuntamiento de M\u00e9rida contin\u00faa la labor de preservar la cultura, impulsar la innovaci\u00f3n y hacer de esta ciudad un punto de encuentro para M\u00e9xico y el mundo. Para consultar la cartelera oficial y disfrutar en familia de esta celebraci\u00f3n pueden ingresar a merida.gob.mx\/meridafest.<\/p>\n","protected":false},"excerpt":{"rendered":"<p>M\u00c9RIDA, Yucat\u00e1n.- La capital yucateca cumplir\u00e1 484 a\u00f1os de su fundaci\u00f3n y para celebrarlo el Ayuntamiento realizar\u00e1 el M\u00e9rida Fest 2026 del 5 al 18 de enero con amplia cartelera<\/p>\n","protected":false},"author":2,"featured_media":136393,"comment_status":"open","ping_status":"open","sticky":false,"template":"","format":"standard","meta":{"jetpack_post_was_ever_published":false,"_jetpack_newsletter_access":"","_jetpack_dont_email_post_to_subs":false,"_jetpack_newsletter_tier_id":0,"_jetpack_memberships_contains_paywalled_content":false,"_jetpack_memberships_contains_paid_content":false,"footnotes":"","jetpack_publicize_message":"","jetpack_publicize_feature_enabled":true,"jetpack_social_post_already_shared":true,"jetpack_social_options":{"image_generator_settings":{"template":"highway","default_image_id":0,"font":"","enabled":false},"version":2}},"categories":[54],"tags":[],"class_list":["post-136391","post","type-post","status-publish","format-standard","has-post-thumbnail","hentry","category-yucatan"],"jetpack_publicize_connections":[],"jetpack_featured_media_url":"https:\/\/formalprision.com\/wp-content\/uploads\/2025\/11\/WhatsApp-Image-2025-11-21-at-5.24.49-PM.jpeg","jetpack_sharing_enabled":true,"jetpack_shortlink":"https:\/\/wp.me\/p6id8p-ztR","_links":{"self":[{"href":"https:\/\/formalprision.com\/index.php?rest_route=\/wp\/v2\/posts\/136391","targetHints":{"allow":["GET"]}}],"collection":[{"href":"https:\/\/formalprision.com\/index.php?rest_route=\/wp\/v2\/posts"}],"about":[{"href":"https:\/\/formalprision.com\/index.php?rest_route=\/wp\/v2\/types\/post"}],"author":[{"embeddable":true,"href":"https:\/\/formalprision.com\/index.php?rest_route=\/wp\/v2\/users\/2"}],"replies":[{"embeddable":true,"href":"https:\/\/formalprision.com\/index.php?rest_route=%2Fwp%2Fv2%2Fcomments&post=136391"}],"version-history":[{"count":2,"href":"https:\/\/formalprision.com\/index.php?rest_route=\/wp\/v2\/posts\/136391\/revisions"}],"predecessor-version":[{"id":136395,"href":"https:\/\/formalprision.com\/index.php?rest_route=\/wp\/v2\/posts\/136391\/revisions\/136395"}],"wp:featuredmedia":[{"embeddable":true,"href":"https:\/\/formalprision.com\/index.php?rest_route=\/wp\/v2\/media\/136393"}],"wp:attachment":[{"href":"https:\/\/formalprision.com\/index.php?rest_route=%2Fwp%2Fv2%2Fmedia&parent=136391"}],"wp:term":[{"taxonomy":"category","embeddable":true,"href":"https:\/\/formalprision.com\/index.php?rest_route=%2Fwp%2Fv2%2Fcategories&post=136391"},{"taxonomy":"post_tag","embeddable":true,"href":"https:\/\/formalprision.com\/index.php?rest_route=%2Fwp%2Fv2%2Ftags&post=136391"}],"curies":[{"name":"wp","href":"https:\/\/api.w.org\/{rel}","templated":true}]}}