{"id":136418,"date":"2025-11-22T19:29:37","date_gmt":"2025-11-23T00:29:37","guid":{"rendered":"https:\/\/formalprision.com\/?p=136418"},"modified":"2025-11-24T00:24:29","modified_gmt":"2025-11-24T05:24:29","slug":"no-habra-actualizaciones-catastrales-ni-aumentos-en-el-predial-cecilia-patron","status":"publish","type":"post","link":"https:\/\/formalprision.com\/?p=136418","title":{"rendered":"No habr\u00e1 actualizaciones catastrales ni  aumentos en el predial: Cecilia Patr\u00f3n"},"content":{"rendered":"\n<p>M\u00e9rida, Yucat\u00e1n, s\u00e1bado 22 de noviembre de 2025.- En 2026, no habr\u00e1 actualizaciones catastrales ni aumentos en el predial, compromiso de la administraci\u00f3n que encabeza la presidenta municipal Cecilia Patr\u00f3n Laviada de \u201chacer m\u00e1s con menos\u201d.<\/p>\n\n\n\n<p>\u201cEn M\u00e9rida, mantenemos un manejo prudente y sensible del patrimonio de las y los meridanos, optimizando cada peso para mejorar los servicios p\u00fablicos y construir una ciudad con justicia social, enfocada en atender las necesidades prioritarias de la gente\u201d, afirm\u00f3 la alcaldesa.<\/p>\n\n\n\n<p>En sesi\u00f3n extraordinaria, el Cabildo aprob\u00f3 la iniciativa de Ley de Ingresos del Municipio de M\u00e9rida 2026 que contempla que los valores catastrales y el predial se mantendr\u00e1n sin cambios.<\/p>\n\n\n\n<p>Adem\u00e1s, autorizaron una reforma a la Ley de Hacienda del Municipio de M\u00e9rida en la que se adicionan y derogan diversas disposiciones para que los tr\u00e1mites sean m\u00e1s claros, m\u00e1s simples y con reglas justas para todas y todos.<\/p>\n\n\n\n<p>Cecilia destac\u00f3 que su administraci\u00f3n propone un presupuesto bien planeado y con orden, destinado a servicios p\u00fablicos de calidad para continuar siendo una ciudad funcional, con obras de infraestructura, vialidades, becas, salud, atenci\u00f3n a personas mayores y protecci\u00f3n a la mujer, privilegiando siempre el compromiso de una mejor vida de las y los meridanos.<\/p>\n\n\n\n<p>\u201cSe trata de mejorar la calidad de vida de las personas, solo as\u00ed, lograremos una M\u00e9rida equitativa y pr\u00f3spera para todos sus habitantes, donde los recursos generados a trav\u00e9s del<br>pago de los impuestos se les regrese transformado en obras y servicios de primera\u201d, a\u00f1adi\u00f3.<\/p>\n\n\n\n<p>A\u00f1adi\u00f3 que la propuesta es tambi\u00e9n el resultado de la voz de la gente, del di\u00e1logo que construye todos los d\u00edas al recorrer las calles de colonias y comisar\u00edas de la ciudad, para dar soluci\u00f3n a los temas que m\u00e1s preocupan a la poblaci\u00f3n.<\/p>\n\n\n\n<p>Finalmente, agradeci\u00f3 a las y los regidores su trabajo, consenso y acompa\u00f1amiento para dar un paso m\u00e1s hacia los objetivos.<\/p>\n","protected":false},"excerpt":{"rendered":"<p>M\u00e9rida, Yucat\u00e1n, s\u00e1bado 22 de noviembre de 2025.- En 2026, no habr\u00e1 actualizaciones catastrales ni aumentos en el predial, compromiso de la administraci\u00f3n que encabeza la presidenta municipal Cecilia Patr\u00f3n<\/p>\n","protected":false},"author":1,"featured_media":136419,"comment_status":"open","ping_status":"open","sticky":false,"template":"","format":"standard","meta":{"jetpack_post_was_ever_published":false,"_jetpack_newsletter_access":"","_jetpack_dont_email_post_to_subs":false,"_jetpack_newsletter_tier_id":0,"_jetpack_memberships_contains_paywalled_content":false,"_jetpack_memberships_contains_paid_content":false,"footnotes":"","jetpack_publicize_message":"","jetpack_publicize_feature_enabled":true,"jetpack_social_post_already_shared":true,"jetpack_social_options":{"image_generator_settings":{"template":"highway","default_image_id":0,"font":"","enabled":false},"version":2}},"categories":[14],"tags":[],"class_list":["post-136418","post","type-post","status-publish","format-standard","has-post-thumbnail","hentry","category-merida"],"jetpack_publicize_connections":[],"jetpack_featured_media_url":"https:\/\/formalprision.com\/wp-content\/uploads\/2025\/11\/IMG-20251122-WA0062.jpg","jetpack_sharing_enabled":true,"jetpack_shortlink":"https:\/\/wp.me\/p6id8p-zui","_links":{"self":[{"href":"https:\/\/formalprision.com\/index.php?rest_route=\/wp\/v2\/posts\/136418","targetHints":{"allow":["GET"]}}],"collection":[{"href":"https:\/\/formalprision.com\/index.php?rest_route=\/wp\/v2\/posts"}],"about":[{"href":"https:\/\/formalprision.com\/index.php?rest_route=\/wp\/v2\/types\/post"}],"author":[{"embeddable":true,"href":"https:\/\/formalprision.com\/index.php?rest_route=\/wp\/v2\/users\/1"}],"replies":[{"embeddable":true,"href":"https:\/\/formalprision.com\/index.php?rest_route=%2Fwp%2Fv2%2Fcomments&post=136418"}],"version-history":[{"count":1,"href":"https:\/\/formalprision.com\/index.php?rest_route=\/wp\/v2\/posts\/136418\/revisions"}],"predecessor-version":[{"id":136420,"href":"https:\/\/formalprision.com\/index.php?rest_route=\/wp\/v2\/posts\/136418\/revisions\/136420"}],"wp:featuredmedia":[{"embeddable":true,"href":"https:\/\/formalprision.com\/index.php?rest_route=\/wp\/v2\/media\/136419"}],"wp:attachment":[{"href":"https:\/\/formalprision.com\/index.php?rest_route=%2Fwp%2Fv2%2Fmedia&parent=136418"}],"wp:term":[{"taxonomy":"category","embeddable":true,"href":"https:\/\/formalprision.com\/index.php?rest_route=%2Fwp%2Fv2%2Fcategories&post=136418"},{"taxonomy":"post_tag","embeddable":true,"href":"https:\/\/formalprision.com\/index.php?rest_route=%2Fwp%2Fv2%2Ftags&post=136418"}],"curies":[{"name":"wp","href":"https:\/\/api.w.org\/{rel}","templated":true}]}}