{"id":136443,"date":"2025-11-23T18:30:31","date_gmt":"2025-11-23T23:30:31","guid":{"rendered":"https:\/\/formalprision.com\/?p=136443"},"modified":"2025-11-25T10:09:25","modified_gmt":"2025-11-25T15:09:25","slug":"avanza-cecilia-patron-con-la-reforestacion-de-zonas-urbanas-meridanas","status":"publish","type":"post","link":"https:\/\/formalprision.com\/?p=136443","title":{"rendered":"Avanza Cecilia Patr\u00f3n con la reforestaci\u00f3n de zonas urbanas meridanas."},"content":{"rendered":"\n<p>M\u00e9rida, Yucat\u00e1n, domingo 23 de noviembre de 2025.- Con el firme compromiso de seguir construyendo una M\u00e9rida m\u00e1s verde, justa y sustentable, y generando un mayor sentido de comunidad, la presidenta municipal Cecilia Patr\u00f3n Laviada tuvo una jornada de reforestaci\u00f3n en el Fraccionamiento Las Am\u00e9ricas, donde junto con vecinas, vecinos, voluntariado y organizaciones civiles se plantaron 50 arbolitos donados para fortalecer la ciudad.<\/p>\n\n\n\n<p>La actividad se llev\u00f3 a cabo en el \u00e1rea verde ubicada en la calle 130 x 57-B, espacio que recientemente fue confirmado como zona destinada al uso comunitario, luego de los acuerdos alcanzados con las y los residentes del fraccionamiento a trav\u00e9s del di\u00e1logo y acuerdos mutuos.<\/p>\n\n\n\n<p>\u201cGracias al di\u00e1logo, la escucha entre todas y todos, se logr\u00f3 que las personas que ten\u00edan la donaci\u00f3n tengan otro terreno y este espacio quede para el uso comunitario de las familias. M\u00e9rida se gobierna con cercan\u00eda, di\u00e1logo y respeto. Cuando la gente levanta la voz, aqu\u00ed estamos para escuchar y responder\u201d se\u00f1al\u00f3 la edil.<\/p>\n\n\n\n<p>Tambi\u00e9n destac\u00f3 que con ello se da un paso m\u00e1s para que Las Am\u00e9ricas cuente con espacios limpios, seguros y con m\u00e1s \u00e1rboles. Como parte de otros acuerdos se colocaron sillas confidentes \u201cT\u00fa y yo\u201d, y se hizo un pozo con su caseta que permitir\u00e1 contar con acceso para el riego de esta zona arbolada.<\/p>\n\n\n\n<p>La alcaldesa agradeci\u00f3 la voluntad de do\u00f1a Nelsy y Miguel P\u00e9rez, vecinos que levantaron la mano para donar una bomba de agua para el riego, un trabajo en equipo que permite que todos unidos se cuente con espacio p\u00fablicos que son de la gente, armoniosos, m\u00e1s verdes y que crean comunidad.<\/p>\n\n\n\n<p>Cecilia Patr\u00f3n record\u00f3 que, el pasado 15 de noviembre, el Ayuntamiento sostuvo un di\u00e1logo para atender su inquietud sobre la posible donaci\u00f3n de un predio particular. Gracias a la buena voluntad entre vecinos y el donatario se logr\u00f3 un acuerdo que garantiza que el terreno permanezca como un \u00e1rea verde segura, destinada a la convivencia y al disfrute de todas las familias.<\/p>\n\n\n\n<p>La participaci\u00f3n activa del Comit\u00e9 Vecinal de Las Am\u00e9ricas, la Asociaci\u00f3n Mujeres Trabajando por Yucat\u00e1n, as\u00ed como de la Secretar\u00eda de Participaci\u00f3n y Atenci\u00f3n Ciudadana y la Unidad de Medio Ambiente y Bienestar Animal, se sumaron a esta acci\u00f3n en favor del entorno para arbolar a\u00fan m\u00e1s con especias frutales como la naranja agria.<\/p>\n\n\n\n<p>\u201cPlantar un \u00e1rbol es pensar en el futuro de M\u00e9rida, en una ciudad m\u00e1s sana donde nuestras ni\u00f1as y ni\u00f1os puedan crecer con mayor bienestar\u201d, a\u00f1adi\u00f3 la alcaldesa.<\/p>\n\n\n\n<p>La jornada se enmarca en la estrategia municipal M\u00e9rida Verde, que impulsa acciones permanentes para fortalecer la infraestructura ambiental de toda la ciudad. Gracias a esta pol\u00edtica p\u00fablica, M\u00e9rida registra avances significativos como: 159 mil 148 \u00e1rboles plantados en todo el municipio.<\/p>\n\n\n\n<p>Adem\u00e1s de 44 mil 665 \u00e1rboles adoptados por familias mediante el programa \u201cUna familia, un \u00e1rbol\u201d; 1 mil 859 toneladas de materiales recolectados en los 15 Puntos Verdes; 1 mil 746 especies nativas producidas en el vivero municipal; y m\u00e1s de 10 mil \u00e1rboles plantados en la Cruzada Forestal 2025, con la participaci\u00f3n de 11 mil 328 personas.<\/p>\n","protected":false},"excerpt":{"rendered":"<p>M\u00e9rida, Yucat\u00e1n, domingo 23 de noviembre de 2025.- Con el firme compromiso de seguir construyendo una M\u00e9rida m\u00e1s verde, justa y sustentable, y generando un mayor sentido de comunidad, la<\/p>\n","protected":false},"author":1,"featured_media":136444,"comment_status":"open","ping_status":"open","sticky":false,"template":"","format":"standard","meta":{"jetpack_post_was_ever_published":false,"_jetpack_newsletter_access":"","_jetpack_dont_email_post_to_subs":false,"_jetpack_newsletter_tier_id":0,"_jetpack_memberships_contains_paywalled_content":false,"_jetpack_memberships_contains_paid_content":false,"footnotes":"","jetpack_publicize_message":"","jetpack_publicize_feature_enabled":true,"jetpack_social_post_already_shared":true,"jetpack_social_options":{"image_generator_settings":{"template":"highway","default_image_id":0,"font":"","enabled":false},"version":2}},"categories":[54],"tags":[],"class_list":["post-136443","post","type-post","status-publish","format-standard","has-post-thumbnail","hentry","category-yucatan"],"jetpack_publicize_connections":[],"jetpack_featured_media_url":"https:\/\/formalprision.com\/wp-content\/uploads\/2025\/11\/FB_IMG_1763940575959.jpg","jetpack_sharing_enabled":true,"jetpack_shortlink":"https:\/\/wp.me\/p6id8p-zuH","_links":{"self":[{"href":"https:\/\/formalprision.com\/index.php?rest_route=\/wp\/v2\/posts\/136443","targetHints":{"allow":["GET"]}}],"collection":[{"href":"https:\/\/formalprision.com\/index.php?rest_route=\/wp\/v2\/posts"}],"about":[{"href":"https:\/\/formalprision.com\/index.php?rest_route=\/wp\/v2\/types\/post"}],"author":[{"embeddable":true,"href":"https:\/\/formalprision.com\/index.php?rest_route=\/wp\/v2\/users\/1"}],"replies":[{"embeddable":true,"href":"https:\/\/formalprision.com\/index.php?rest_route=%2Fwp%2Fv2%2Fcomments&post=136443"}],"version-history":[{"count":1,"href":"https:\/\/formalprision.com\/index.php?rest_route=\/wp\/v2\/posts\/136443\/revisions"}],"predecessor-version":[{"id":136445,"href":"https:\/\/formalprision.com\/index.php?rest_route=\/wp\/v2\/posts\/136443\/revisions\/136445"}],"wp:featuredmedia":[{"embeddable":true,"href":"https:\/\/formalprision.com\/index.php?rest_route=\/wp\/v2\/media\/136444"}],"wp:attachment":[{"href":"https:\/\/formalprision.com\/index.php?rest_route=%2Fwp%2Fv2%2Fmedia&parent=136443"}],"wp:term":[{"taxonomy":"category","embeddable":true,"href":"https:\/\/formalprision.com\/index.php?rest_route=%2Fwp%2Fv2%2Fcategories&post=136443"},{"taxonomy":"post_tag","embeddable":true,"href":"https:\/\/formalprision.com\/index.php?rest_route=%2Fwp%2Fv2%2Ftags&post=136443"}],"curies":[{"name":"wp","href":"https:\/\/api.w.org\/{rel}","templated":true}]}}