{"id":136446,"date":"2025-11-23T19:41:02","date_gmt":"2025-11-24T00:41:02","guid":{"rendered":"https:\/\/formalprision.com\/?p=136446"},"modified":"2025-11-25T10:09:14","modified_gmt":"2025-11-25T15:09:14","slug":"merida-celebra-el-legado-y-la-identidad-de-las-mujeres-mayores-con-moda-arte-y-memoria","status":"publish","type":"post","link":"https:\/\/formalprision.com\/?p=136446","title":{"rendered":"M\u00e9rida celebra legado e identidad de mujeres mayores con moda, arte y memoria"},"content":{"rendered":"\n<p>M\u00c9RIDA, Yucat\u00e1n.- El Ayuntamiento de M\u00e9rida, que encabeza la alcaldesa Cecilia Patr\u00f3n Laviada, impuls\u00f3 con gran participaci\u00f3n ciudadana la pasarela \u201cRetratos de Familia: Entre la Vida y la Muerte\u201d y la Master Class \u201cModa, Identidad y Creatividad\u201d, actividades del proyecto cultural \u201cM\u00e9rida: Las Mujeres y su Sabidur\u00eda Ancestral\u201d.<\/p>\n\n\n\n<p>Esta iniciativa reconoce la memoria, el aporte social y el legado de mujeres mayores de 60 a\u00f1os que han transmitido conocimientos, tradiciones y oficios de generaci\u00f3n en generaci\u00f3n, fortaleciendo la identidad cultural de la ciudad.<\/p>\n\n\n\n<p>Arturo Le\u00f3n Itz\u00e1, director de Desarrollo Social y Combate a la Pobreza, se\u00f1al\u00f3 que estas actividades expresan el reconocimiento que la ciudad debe a quienes han preservado su identidad con esfuerzo y dedicaci\u00f3n.<\/p>\n\n\n\n<p>\u201cEn M\u00e9rida tenemos una gran deuda de gratitud con nuestras mujeres mayores, porque son ellas quienes han conservado los saberes que hoy forman parte de nuestra cultura, nuestras costumbres y nuestra forma de ver el mundo\u201d, afirm\u00f3 Arturo Le\u00f3n.<\/p>\n\n\n\n<p>La pasarela tuvo lugar en el Parque de la Paz como parte del M\u00e9rida Arte + Moda Fashion Show, con una puesta en escena que recre\u00f3 la est\u00e9tica de los retratos familiares tradicionales de principios del siglo XX. Mujeres y hombres modelaron indumentaria artesanal elaborada en M\u00e9rida y comunidades como Ixil, San Jos\u00e9 Oriente y Kimbil\u00e1.<\/p>\n\n\n\n<p>El cierre del desfile present\u00f3 retratos individuales de cada participante, representando las diferentes etapas de la vida de la mujer y concluyendo con la presencia de una mujer embarazada, como s\u00edmbolo de la continuidad de la memoria y las ra\u00edces que sostienen a M\u00e9rida y Yucat\u00e1n.<\/p>\n\n\n\n<p>El evento reuni\u00f3 125 piezas de dise\u00f1o en colaboraci\u00f3n con el dise\u00f1ador Pompi Garc\u00eda, presentadas por 65 modelos profesionales de las firmas Muum y de In Love M\u00e9xico, bajo la direcci\u00f3n del dise\u00f1ador Guillermo Alay\u00f3n, reconocido por su trabajo colaborativo con comunidades artesanales y por una visi\u00f3n que reivindica la identidad yucateca desde la moda contempor\u00e1nea. Asimismo, las y los jaraneros del Centro Aprende Miraflores, cuyo su talento llen\u00f3 de vida y tradici\u00f3n esta gran noche.<\/p>\n\n\n\n<p>Como parte del mismo programa, se llev\u00f3 a cabo la Master Class \u201cModa, Identidad y Creatividad\u201d en el Centro Cultural Olimpo, impartida por Pompi Garc\u00eda y dirigida a j\u00f3venes dise\u00f1adores, artistas, fot\u00f3grafos y creativos. La sesi\u00f3n incluy\u00f3 ejercicios pr\u00e1cticos de estilismo, fotograf\u00eda y maquillaje utilizando como modelos a mujeres mayores, con el objetivo de vincular experiencia, memoria y talento emergente. \u201cHoy en M\u00e9rida apostamos por proyectos que unen generaciones, que valoran la historia viva y que reconocen el papel de nuestras mujeres como portadoras de cultura. Una M\u00e9rida m\u00e1s justa y humana se construye reconociendo su pasado, su presente y su futuro\u201d, enfatiz\u00f3 Arturo Le\u00f3n durante su segunda intervenci\u00f3n.<\/p>\n\n\n\n<p>En el evento estuvieron presentes Arturo Le\u00f3n Itz\u00e1, Director de Desarrollo Social y Combate a la Pobreza; Claudia Isela Chapa Cort\u00e9s, subdirectora de Cultura; el dise\u00f1ador Pompi Garc\u00eda; Elda May y Jonathan Uitz de la marca Muum de Kimbil\u00e1; Guillermo Alay\u00f3n, director creativo y dise\u00f1ador de In Love M\u00e9xico.<\/p>\n\n\n\n<p>Con acciones como esta, el Ayuntamiento de M\u00e9rida reafirma su compromiso de impulsar una ciudad cercana, humana y con oportunidades que alcancen a todas las personas, sin dejar a nadie atr\u00e1s. Para mayores informes sobre los programas sociales, la ciudadan\u00eda puede acudir a las ventanillas de la Direcci\u00f3n de Desarrollo Social y Combate a la Pobreza, ubicadas en C. 65 No. 368 Int. x 40 y 42, Centro, o comunicarse a los tel\u00e9fonos 999 924 6900 y 999 924 6962, ext. 81750, de lunes a viernes de 8:00 a 15:00 horas.<\/p>\n","protected":false},"excerpt":{"rendered":"<p>M\u00c9RIDA, Yucat\u00e1n.- El Ayuntamiento de M\u00e9rida, que encabeza la alcaldesa Cecilia Patr\u00f3n Laviada, impuls\u00f3 con gran participaci\u00f3n ciudadana la pasarela \u201cRetratos de Familia: Entre la Vida y la Muerte\u201d y<\/p>\n","protected":false},"author":2,"featured_media":136448,"comment_status":"open","ping_status":"open","sticky":false,"template":"","format":"standard","meta":{"jetpack_post_was_ever_published":false,"_jetpack_newsletter_access":"","_jetpack_dont_email_post_to_subs":false,"_jetpack_newsletter_tier_id":0,"_jetpack_memberships_contains_paywalled_content":false,"_jetpack_memberships_contains_paid_content":false,"footnotes":"","jetpack_publicize_message":"","jetpack_publicize_feature_enabled":true,"jetpack_social_post_already_shared":true,"jetpack_social_options":{"image_generator_settings":{"template":"highway","default_image_id":0,"font":"","enabled":false},"version":2}},"categories":[14],"tags":[],"class_list":["post-136446","post","type-post","status-publish","format-standard","has-post-thumbnail","hentry","category-merida"],"jetpack_publicize_connections":[],"jetpack_featured_media_url":"https:\/\/formalprision.com\/wp-content\/uploads\/2025\/11\/WhatsApp-Image-2025-11-23-at-5.05.56-PM.jpeg","jetpack_sharing_enabled":true,"jetpack_shortlink":"https:\/\/wp.me\/p6id8p-zuK","_links":{"self":[{"href":"https:\/\/formalprision.com\/index.php?rest_route=\/wp\/v2\/posts\/136446","targetHints":{"allow":["GET"]}}],"collection":[{"href":"https:\/\/formalprision.com\/index.php?rest_route=\/wp\/v2\/posts"}],"about":[{"href":"https:\/\/formalprision.com\/index.php?rest_route=\/wp\/v2\/types\/post"}],"author":[{"embeddable":true,"href":"https:\/\/formalprision.com\/index.php?rest_route=\/wp\/v2\/users\/2"}],"replies":[{"embeddable":true,"href":"https:\/\/formalprision.com\/index.php?rest_route=%2Fwp%2Fv2%2Fcomments&post=136446"}],"version-history":[{"count":2,"href":"https:\/\/formalprision.com\/index.php?rest_route=\/wp\/v2\/posts\/136446\/revisions"}],"predecessor-version":[{"id":136455,"href":"https:\/\/formalprision.com\/index.php?rest_route=\/wp\/v2\/posts\/136446\/revisions\/136455"}],"wp:featuredmedia":[{"embeddable":true,"href":"https:\/\/formalprision.com\/index.php?rest_route=\/wp\/v2\/media\/136448"}],"wp:attachment":[{"href":"https:\/\/formalprision.com\/index.php?rest_route=%2Fwp%2Fv2%2Fmedia&parent=136446"}],"wp:term":[{"taxonomy":"category","embeddable":true,"href":"https:\/\/formalprision.com\/index.php?rest_route=%2Fwp%2Fv2%2Fcategories&post=136446"},{"taxonomy":"post_tag","embeddable":true,"href":"https:\/\/formalprision.com\/index.php?rest_route=%2Fwp%2Fv2%2Ftags&post=136446"}],"curies":[{"name":"wp","href":"https:\/\/api.w.org\/{rel}","templated":true}]}}