{"id":136452,"date":"2025-11-23T21:05:59","date_gmt":"2025-11-24T02:05:59","guid":{"rendered":"https:\/\/formalprision.com\/?p=136452"},"modified":"2025-11-25T10:08:07","modified_gmt":"2025-11-25T15:08:07","slug":"subastan-por-6-5-millones-de-euros-una-camara-de-fotos-leica-del-papa-francisco","status":"publish","type":"post","link":"https:\/\/formalprision.com\/?p=136452","title":{"rendered":"Subastan por 6.5 millones de euros una c\u00e1mara de fotos Leica del papa Francisco"},"content":{"rendered":"\n<p>Una c\u00e1mara de fotos que la marca Leica dise\u00f1\u00f3 y regal\u00f3 al papa Francisco en 2024 fue subastada el s\u00e1bado en Viena por 6.5 millones de euros, que se dedicar\u00e1n a obras de caridad por expreso deseo del pont\u00edfice, fallecido el pasado abril.<\/p>\n\n\n\n<p>El aparato, del modelo M-A, es una creaci\u00f3n exclusiva, con un cuerpo revestido en blanco, en alusi\u00f3n a la vestimenta papal, y con varios grabados, entre ellos el lema de Francisco, \u2018Miserando ataque Eligendo\u2019 (Lo mir\u00f3 con misericordia y lo eligi\u00f3) o el escudo de armas del Vaticano.<\/p>\n\n\n\n<p>Seg\u00fan la casa de subastas Leitz Photographica Auction, organizadora de la venta, el papa decidi\u00f3 que el importe de la subasta se destinara a obras de caridad.<\/p>\n\n\n\n<p>El precio de salida, fijado en 30 mil euros, qued\u00f3 r\u00e1pidamente superado y lleg\u00f3 a los 150 mil euros ya en la puja en l\u00ednea abierta hace unos d\u00edas, m\u00e1s del doble de la valoraci\u00f3n del aparato.<\/p>\n\n\n\n<p>El director de la casa de subastas, Alexander Sedlak, asegur\u00f3 que esta puja ha sido \u201cla m\u00e1s emocionante en la historia de Leica\u201d.<\/p>\n\n\n\n<p>\u201cEsto demuestra que las c\u00e1maras Leica no son solo herramientas fotogr\u00e1ficas, sino tambi\u00e9n artefactos hist\u00f3ricos\u201d, afirm\u00f3 Sedlak.<\/p>\n\n\n\n<p>El fabricante alem\u00e1n tiene una larga tradici\u00f3n de reservar n\u00fameros de serie redondos para figuras distinguidas, y entreg\u00f3 al pont\u00edfice argentino el ejemplar 5 millones, acompa\u00f1ado del legendario objetivo Leica Noctilux-M 50mm f\/1.2.<\/p>\n\n\n\n<p>Esta c\u00e1mara \u00fanica se complementa con una caja de presentaci\u00f3n dise\u00f1ada exclusivamente para este equipo.<\/p>\n\n\n\n<p>La puja dur\u00f3 casi diez minutos y se resolvi\u00f3 en una competida batalla entre dos compradores telef\u00f3nicos no identificados, hasta alcanzar los 6.5 millones de euros, cifra que fue recibida con un prolongado aplauso en la sala.<\/p>\n","protected":false},"excerpt":{"rendered":"<p>Una c\u00e1mara de fotos que la marca Leica dise\u00f1\u00f3 y regal\u00f3 al papa Francisco en 2024 fue subastada el s\u00e1bado en Viena por 6.5 millones de euros, que se dedicar\u00e1n<\/p>\n","protected":false},"author":2,"featured_media":136454,"comment_status":"open","ping_status":"open","sticky":false,"template":"","format":"standard","meta":{"jetpack_post_was_ever_published":false,"_jetpack_newsletter_access":"","_jetpack_dont_email_post_to_subs":false,"_jetpack_newsletter_tier_id":0,"_jetpack_memberships_contains_paywalled_content":false,"_jetpack_memberships_contains_paid_content":false,"footnotes":"","jetpack_publicize_message":"","jetpack_publicize_feature_enabled":true,"jetpack_social_post_already_shared":true,"jetpack_social_options":{"image_generator_settings":{"template":"highway","default_image_id":0,"font":"","enabled":false},"version":2}},"categories":[23],"tags":[],"class_list":["post-136452","post","type-post","status-publish","format-standard","has-post-thumbnail","hentry","category-del-mundo"],"jetpack_publicize_connections":[],"jetpack_featured_media_url":"https:\/\/formalprision.com\/wp-content\/uploads\/2025\/11\/came.jpg","jetpack_sharing_enabled":true,"jetpack_shortlink":"https:\/\/wp.me\/p6id8p-zuQ","_links":{"self":[{"href":"https:\/\/formalprision.com\/index.php?rest_route=\/wp\/v2\/posts\/136452","targetHints":{"allow":["GET"]}}],"collection":[{"href":"https:\/\/formalprision.com\/index.php?rest_route=\/wp\/v2\/posts"}],"about":[{"href":"https:\/\/formalprision.com\/index.php?rest_route=\/wp\/v2\/types\/post"}],"author":[{"embeddable":true,"href":"https:\/\/formalprision.com\/index.php?rest_route=\/wp\/v2\/users\/2"}],"replies":[{"embeddable":true,"href":"https:\/\/formalprision.com\/index.php?rest_route=%2Fwp%2Fv2%2Fcomments&post=136452"}],"version-history":[{"count":1,"href":"https:\/\/formalprision.com\/index.php?rest_route=\/wp\/v2\/posts\/136452\/revisions"}],"predecessor-version":[{"id":136453,"href":"https:\/\/formalprision.com\/index.php?rest_route=\/wp\/v2\/posts\/136452\/revisions\/136453"}],"wp:featuredmedia":[{"embeddable":true,"href":"https:\/\/formalprision.com\/index.php?rest_route=\/wp\/v2\/media\/136454"}],"wp:attachment":[{"href":"https:\/\/formalprision.com\/index.php?rest_route=%2Fwp%2Fv2%2Fmedia&parent=136452"}],"wp:term":[{"taxonomy":"category","embeddable":true,"href":"https:\/\/formalprision.com\/index.php?rest_route=%2Fwp%2Fv2%2Fcategories&post=136452"},{"taxonomy":"post_tag","embeddable":true,"href":"https:\/\/formalprision.com\/index.php?rest_route=%2Fwp%2Fv2%2Ftags&post=136452"}],"curies":[{"name":"wp","href":"https:\/\/api.w.org\/{rel}","templated":true}]}}