{"id":136462,"date":"2025-11-24T16:37:13","date_gmt":"2025-11-24T21:37:13","guid":{"rendered":"https:\/\/formalprision.com\/?p=136462"},"modified":"2025-11-25T10:08:47","modified_gmt":"2025-11-25T15:08:47","slug":"gobierno-de-yucatan-fortalece-la-capacitacion-tecnica-con-acreditacion-conocer","status":"publish","type":"post","link":"https:\/\/formalprision.com\/?p=136462","title":{"rendered":"Gobierno de Yucat\u00e1n fortalece la capacitaci\u00f3n t\u00e9cnica con acreditaci\u00f3n Conocer"},"content":{"rendered":"\n<p>M\u00e9rida, Yucat\u00e1n, a 24 de noviembre de 2025-Las y los yucatecos podr\u00e1n acceder a programas actualizados y con validez nacional, luego de que el Instituto de Capacitaci\u00f3n para el Trabajo del Estado de Yucat\u00e1n (Icatey) recibi\u00f3 la acreditaci\u00f3n como entidad de certificaci\u00f3n y evaluaci\u00f3n, con lo que Yucat\u00e1n avanza en la profesionalizaci\u00f3n laboral, el desarrollo de talento y el fortalecimiento del capital humano.<br>&nbsp;<br>El gobernador Joaqu\u00edn D\u00edaz Mena recibi\u00f3 la placa del Consejo Nacional de Normalizaci\u00f3n y Certificaci\u00f3n de Competencias Laborales (Conocer), la cual oficializa la facultad del Icatey para respaldar el talento yucateco y capacitarlo para integrarse de manera competitiva y digna a los proyectos que est\u00e1n transformando a Yucat\u00e1n.<br>&nbsp;<br>\u00abEsta certificaci\u00f3n Conocer es un sello que honra la dedicaci\u00f3n de los trabajadores que se actualizan. Es la voz que les dice con orgullo &#8216;s\u00ed puedes, s\u00ed sabes y lo que sabes vale&#8217;; porque cuando un yucateco aprende un oficio y mejora su ingreso salarial, gana su familia, gana su comunidad y tambi\u00e9n gana todo Yucat\u00e1n\u00bb, afirm\u00f3 D\u00edaz Mena.<br>&nbsp;<br>Desde Palacio de Gobierno, el titular del Ejecutivo estatal indic\u00f3 que este logro, alcanzado tras 10 a\u00f1os, significa que miles de yucatecos podr\u00e1n capacitarse en programas que tienen validez en todo el pa\u00eds y que las empresas y negocios locales van a poder contar con personal mejor preparado, m\u00e1s competitivo y capaz de enfrentar los cambios del mercado laboral.<br>&nbsp;.<br>&nbsp;<\/p>\n","protected":false},"excerpt":{"rendered":"<p>M\u00e9rida, Yucat\u00e1n, a 24 de noviembre de 2025-Las y los yucatecos podr\u00e1n acceder a programas actualizados y con validez nacional, luego de que el Instituto de Capacitaci\u00f3n para el Trabajo<\/p>\n","protected":false},"author":1,"featured_media":136463,"comment_status":"open","ping_status":"open","sticky":false,"template":"","format":"standard","meta":{"jetpack_post_was_ever_published":false,"_jetpack_newsletter_access":"","_jetpack_dont_email_post_to_subs":false,"_jetpack_newsletter_tier_id":0,"_jetpack_memberships_contains_paywalled_content":false,"_jetpack_memberships_contains_paid_content":false,"footnotes":"","jetpack_publicize_message":"","jetpack_publicize_feature_enabled":true,"jetpack_social_post_already_shared":true,"jetpack_social_options":{"image_generator_settings":{"template":"highway","default_image_id":0,"font":"","enabled":false},"version":2}},"categories":[54],"tags":[],"class_list":["post-136462","post","type-post","status-publish","format-standard","has-post-thumbnail","hentry","category-yucatan"],"jetpack_publicize_connections":[],"jetpack_featured_media_url":"https:\/\/formalprision.com\/wp-content\/uploads\/2025\/11\/IMG-20251124-WA0104.jpg","jetpack_sharing_enabled":true,"jetpack_shortlink":"https:\/\/wp.me\/p6id8p-zv0","_links":{"self":[{"href":"https:\/\/formalprision.com\/index.php?rest_route=\/wp\/v2\/posts\/136462","targetHints":{"allow":["GET"]}}],"collection":[{"href":"https:\/\/formalprision.com\/index.php?rest_route=\/wp\/v2\/posts"}],"about":[{"href":"https:\/\/formalprision.com\/index.php?rest_route=\/wp\/v2\/types\/post"}],"author":[{"embeddable":true,"href":"https:\/\/formalprision.com\/index.php?rest_route=\/wp\/v2\/users\/1"}],"replies":[{"embeddable":true,"href":"https:\/\/formalprision.com\/index.php?rest_route=%2Fwp%2Fv2%2Fcomments&post=136462"}],"version-history":[{"count":1,"href":"https:\/\/formalprision.com\/index.php?rest_route=\/wp\/v2\/posts\/136462\/revisions"}],"predecessor-version":[{"id":136464,"href":"https:\/\/formalprision.com\/index.php?rest_route=\/wp\/v2\/posts\/136462\/revisions\/136464"}],"wp:featuredmedia":[{"embeddable":true,"href":"https:\/\/formalprision.com\/index.php?rest_route=\/wp\/v2\/media\/136463"}],"wp:attachment":[{"href":"https:\/\/formalprision.com\/index.php?rest_route=%2Fwp%2Fv2%2Fmedia&parent=136462"}],"wp:term":[{"taxonomy":"category","embeddable":true,"href":"https:\/\/formalprision.com\/index.php?rest_route=%2Fwp%2Fv2%2Fcategories&post=136462"},{"taxonomy":"post_tag","embeddable":true,"href":"https:\/\/formalprision.com\/index.php?rest_route=%2Fwp%2Fv2%2Ftags&post=136462"}],"curies":[{"name":"wp","href":"https:\/\/api.w.org\/{rel}","templated":true}]}}