{"id":136468,"date":"2025-11-24T19:20:21","date_gmt":"2025-11-25T00:20:21","guid":{"rendered":"https:\/\/formalprision.com\/?p=136468"},"modified":"2025-11-25T10:07:27","modified_gmt":"2025-11-25T15:07:27","slug":"cecilia-patron-consolida-merida-con-infraestructura-verde-y-participacion-ciudadana","status":"publish","type":"post","link":"https:\/\/formalprision.com\/?p=136468","title":{"rendered":"Cecilia Patr\u00f3n consolida M\u00e9rida con infraestructura verde y participaci\u00f3n ciudadana"},"content":{"rendered":"\n<p>M\u00c9RIDA, Yucat\u00e1n.- La presidenta municipal de M\u00e9rida, Cecilia Patr\u00f3n Laviada, destac\u00f3 los avances que el Ayuntamiento ha logrado en el impulso del Plan Municipal de Infraestructura Verde, una estrategia que marca la ruta para consolidar una ciudad m\u00e1s resiliente, conectada y ambientalmente responsable.<\/p>\n\n\n\n<p>\u201cEste plan nos da direcci\u00f3n, claridad y acompa\u00f1amiento. M\u00e9rida tiene que ser una ciudad m\u00e1s verde, y es un compromiso de esta administraci\u00f3n. Se trata de un documento con visi\u00f3n a largo plazo que gu\u00eda las acciones municipales para que M\u00e9rida avance firmemente hacia una ciudad m\u00e1s verde\u201d, afirm\u00f3 la presidenta.<\/p>\n\n\n\n<p>Cecilia Patr\u00f3n explic\u00f3 que este plan surge a partir de un diagn\u00f3stico territorial integral que contempla riesgos clim\u00e1ticos, servicios ambientales, conservaci\u00f3n del arbolado, conectividad ecol\u00f3gica y gobernanza ambiental.<\/p>\n\n\n\n<p>Por ello este gobierno municipal apuesta por la creaci\u00f3n de un biocorredor en el poniente de la capital yucateca con el apoyo de GIZ de Alemania, una organizaci\u00f3n internacional que brindar\u00e1 apoyo econ\u00f3mico y t\u00e9cnico al Ayuntamiento de M\u00e9rida.<\/p>\n\n\n\n<p>El proyecto incluye intervenciones en el Parque Ecol\u00f3gico Poniente y en la zona de Plan de Ayala Sur 3, contempla cinco puntos clave: Reforestaci\u00f3n con \u00e1rboles nativos, espacios l\u00fadicos, bioingenier\u00eda, jardines de lluvia y murales comunitarios.<\/p>\n\n\n\n<figure class=\"wp-block-image size-full\"><a href=\"http:\/\/formalprision.com\/wp-content\/uploads\/2025\/11\/WhatsApp-Image-2025-11-24-at-3.53.15-PM2.jpeg\"><img loading=\"lazy\" decoding=\"async\" width=\"900\" height=\"599\" src=\"http:\/\/formalprision.com\/wp-content\/uploads\/2025\/11\/WhatsApp-Image-2025-11-24-at-3.53.15-PM2.jpeg\" alt=\"\" class=\"wp-image-136471\" srcset=\"https:\/\/formalprision.com\/wp-content\/uploads\/2025\/11\/WhatsApp-Image-2025-11-24-at-3.53.15-PM2.jpeg 900w, https:\/\/formalprision.com\/wp-content\/uploads\/2025\/11\/WhatsApp-Image-2025-11-24-at-3.53.15-PM2-300x200.jpeg 300w, https:\/\/formalprision.com\/wp-content\/uploads\/2025\/11\/WhatsApp-Image-2025-11-24-at-3.53.15-PM2-768x511.jpeg 768w\" sizes=\"auto, (max-width: 900px) 100vw, 900px\" \/><\/a><\/figure>\n\n\n\n<p>Ante ello hizo hincapi\u00e9 que M\u00e9rida no puede estar aislada y que las buenas experiencias y buenas pr\u00e1cticas deben compartirse, reiterando el agradecimiento a GIZ, que ha invertido recursos en nuestra ciudad para avanzar hacia la M\u00e9rida Verde.<\/p>\n\n\n\n<p>Asimismo la mun\u00edcipe record\u00f3 que entre otros avances est\u00e1 la integraci\u00f3n del Comit\u00e9 T\u00e9cnico Municipal de Infraestructura Verde, conformado por especialistas, sociedad civil, academia y dependencias municipales, que da voz a expertos que hablan de biodiversidad, bot\u00e1nica, agricultura, movilidad, espacio p\u00fablico y adaptaci\u00f3n al cambio clim\u00e1tico.<\/p>\n\n\n\n<p>Adem\u00e1s, se desarrollar\u00e1 bajo tres l\u00edneas de acci\u00f3n, la primera con base t\u00e9cnica, con soluciones basadas en la naturaleza; la segunda con enfoque social, mediante procesos participativos donde vecinos y usuarios deciden c\u00f3mo quieren sus espacios, y la tercera, buscando la sostenibilidad, con medidas de mantenimiento, replicabilidad y monitoreo.<\/p>\n\n\n\n<p>\u201cEs fundamental que la ciudadan\u00eda abrace estos espacios. Esta infraestructura es de todas y todos los meridanos, y por eso escuchamos sus propuestas, ideas y necesidades\u201d, enfatiz\u00f3 Patr\u00f3n Laviada.<\/p>\n\n\n\n<p>Como parte de la socializaci\u00f3n del proyecto, la alcaldesa invit\u00f3 a los ciudadanos a participar en la Caminata Exploratoria de Humedales Urbanos, que se realizar\u00e1 el s\u00e1bado 29 de noviembre, de 9:00 a 11:00 horas, en el \u00e1rea del humedal del Parque Ecol\u00f3gico Poniente, con entrada por la calle 67. La actividad contar\u00e1 con el acompa\u00f1amiento de especialistas del Ayuntamiento, del Instituto Municipal de Planeaci\u00f3n y de la investigadora Dra. Carla Rodr\u00edguez.<\/p>\n\n\n\n<p>En lo que va de la administraci\u00f3n municipal la ciudad registra avances sustanciales en el fortalecimiento de su infraestructura ambiental, resultado de las pol\u00edticas p\u00fablicas implementadas para consolidar una M\u00e9rida m\u00e1s verde y sostenible.<\/p>\n\n\n\n<p>Entre los avances m\u00e1s relevantes se encuentra la plantaci\u00f3n de 159 mil 148 \u00e1rboles en todo el municipio, cifra que refleja el compromiso por incrementar la cobertura arb\u00f3rea y mejorar la calidad ambiental, del aire y disminuci\u00f3n de la temperatura.<\/p>\n\n\n\n<p>A este esfuerzo se suma la participaci\u00f3n ciudadana mediante el programa \u201cUna Familia, un \u00c1rbol\u201d, a trav\u00e9s del cual 44 mil 665 \u00e1rboles han sido adoptados por hogares meridanos. Y de la mano de la participaci\u00f3n ciudadana se encuentra en proyecto el primer corredor verde en Ciudad Caucel-Santa Fe.<\/p>\n\n\n\n<p>El Ayuntamiento tambi\u00e9n destac\u00f3 la producci\u00f3n de 1 mil 746 especies nativas en el vivero municipal, as\u00ed como la plantaci\u00f3n de m\u00e1s de 10 mil \u00e1rboles durante la Cruzada Forestal 2025. Y en materia de conservaci\u00f3n, se han emitido 116 declaratorias de \u00e1rboles con valor cultural y patrimonial, con el fin de proteger ejemplares emblem\u00e1ticos de la ciudad.<\/p>\n\n\n\n<p>Adem\u00e1s, se incorporaron 2 mil Air-Pots para optimizar el desarrollo de nuevas plantas, garantizando especies m\u00e1s resistentes y de crecimiento acelerado.<\/p>\n\n\n\n<p>De esta forma el municipio de M\u00e9rida de la mano de un gobierno municipal responsable y participativo, y con el refuerzo de alianzas internacionales, permiten el desarrollo eficiente, suficiente y sostenible que ayude a consolidar a\u00fan m\u00e1s los proyectos de biodiversidad y de infraestructura verde en beneficio de los meridanos.<\/p>\n","protected":false},"excerpt":{"rendered":"<p>M\u00c9RIDA, Yucat\u00e1n.- La presidenta municipal de M\u00e9rida, Cecilia Patr\u00f3n Laviada, destac\u00f3 los avances que el Ayuntamiento ha logrado en el impulso del Plan Municipal de Infraestructura Verde, una estrategia que<\/p>\n","protected":false},"author":2,"featured_media":136470,"comment_status":"open","ping_status":"open","sticky":false,"template":"","format":"standard","meta":{"jetpack_post_was_ever_published":false,"_jetpack_newsletter_access":"","_jetpack_dont_email_post_to_subs":false,"_jetpack_newsletter_tier_id":0,"_jetpack_memberships_contains_paywalled_content":false,"_jetpack_memberships_contains_paid_content":false,"footnotes":"","jetpack_publicize_message":"","jetpack_publicize_feature_enabled":true,"jetpack_social_post_already_shared":true,"jetpack_social_options":{"image_generator_settings":{"template":"highway","default_image_id":0,"font":"","enabled":false},"version":2}},"categories":[54],"tags":[],"class_list":["post-136468","post","type-post","status-publish","format-standard","has-post-thumbnail","hentry","category-yucatan"],"jetpack_publicize_connections":[],"jetpack_featured_media_url":"https:\/\/formalprision.com\/wp-content\/uploads\/2025\/11\/WhatsApp-Image-2025-11-24-at-3.53.15-PM3.jpeg","jetpack_sharing_enabled":true,"jetpack_shortlink":"https:\/\/wp.me\/p6id8p-zv6","_links":{"self":[{"href":"https:\/\/formalprision.com\/index.php?rest_route=\/wp\/v2\/posts\/136468","targetHints":{"allow":["GET"]}}],"collection":[{"href":"https:\/\/formalprision.com\/index.php?rest_route=\/wp\/v2\/posts"}],"about":[{"href":"https:\/\/formalprision.com\/index.php?rest_route=\/wp\/v2\/types\/post"}],"author":[{"embeddable":true,"href":"https:\/\/formalprision.com\/index.php?rest_route=\/wp\/v2\/users\/2"}],"replies":[{"embeddable":true,"href":"https:\/\/formalprision.com\/index.php?rest_route=%2Fwp%2Fv2%2Fcomments&post=136468"}],"version-history":[{"count":2,"href":"https:\/\/formalprision.com\/index.php?rest_route=\/wp\/v2\/posts\/136468\/revisions"}],"predecessor-version":[{"id":136472,"href":"https:\/\/formalprision.com\/index.php?rest_route=\/wp\/v2\/posts\/136468\/revisions\/136472"}],"wp:featuredmedia":[{"embeddable":true,"href":"https:\/\/formalprision.com\/index.php?rest_route=\/wp\/v2\/media\/136470"}],"wp:attachment":[{"href":"https:\/\/formalprision.com\/index.php?rest_route=%2Fwp%2Fv2%2Fmedia&parent=136468"}],"wp:term":[{"taxonomy":"category","embeddable":true,"href":"https:\/\/formalprision.com\/index.php?rest_route=%2Fwp%2Fv2%2Fcategories&post=136468"},{"taxonomy":"post_tag","embeddable":true,"href":"https:\/\/formalprision.com\/index.php?rest_route=%2Fwp%2Fv2%2Ftags&post=136468"}],"curies":[{"name":"wp","href":"https:\/\/api.w.org\/{rel}","templated":true}]}}