{"id":136473,"date":"2025-11-24T21:57:27","date_gmt":"2025-11-25T02:57:27","guid":{"rendered":"https:\/\/formalprision.com\/?p=136473"},"modified":"2025-11-27T10:48:50","modified_gmt":"2025-11-27T15:48:50","slug":"fallece-monsenor-alvaro-garcia-aguilar-parroco-de-maria-inmaculada","status":"publish","type":"post","link":"https:\/\/formalprision.com\/?p=136473","title":{"rendered":"Fallece monse\u00f1or \u00c1lvaro Garc\u00eda Aguilar, p\u00e1rroco de Mar\u00eda Inmaculada"},"content":{"rendered":"\n<p>M\u00c9RIDA, Yucat\u00e1n.- La Arquidi\u00f3cesis de Yucat\u00e1n inform\u00f3 del fallecimiento, a los 92 a\u00f1os, de Mons. \u00c1lvaro Garc\u00eda Aguilar, la tarde de hoy lunes 24 de noviembre de 2025.<\/p>\n\n\n\n<p>\u00abHa sido llamado a la casa del Padre. Que el Buen Pastor lo reciba en las praderas eternas, en compa\u00f1\u00eda de sus \u00e1ngeles y sus santos\u00bb, indic\u00f3 en un comunicado.<\/p>\n\n\n\n<p>Su cuerpo ser\u00e1 velado en la parroquia de Mar\u00eda Inmaculada (Campestre) y ser\u00e1 sepultado en el Mausoleo del Clero.<\/p>\n\n\n\n<p>En breve se dar\u00e1n a conocer los horarios de velaci\u00f3n, de las misas y el cortejo f\u00fanebre.<\/p>\n\n\n\n<p>\u00abExtendemos nuestras condolencias a sus familiares, amigos, grupos apost\u00f3licos y feligreses que acompa\u00f1\u00f3. Oremos por su eterno descanso\u00bb, concluye el comunicado.<\/p>\n","protected":false},"excerpt":{"rendered":"<p>M\u00c9RIDA, Yucat\u00e1n.- La Arquidi\u00f3cesis de Yucat\u00e1n inform\u00f3 del fallecimiento, a los 92 a\u00f1os, de Mons. \u00c1lvaro Garc\u00eda Aguilar, la tarde de hoy lunes 24 de noviembre de 2025. \u00abHa sido<\/p>\n","protected":false},"author":2,"featured_media":136475,"comment_status":"open","ping_status":"open","sticky":false,"template":"","format":"standard","meta":{"jetpack_post_was_ever_published":false,"_jetpack_newsletter_access":"","_jetpack_dont_email_post_to_subs":false,"_jetpack_newsletter_tier_id":0,"_jetpack_memberships_contains_paywalled_content":false,"_jetpack_memberships_contains_paid_content":false,"footnotes":"","jetpack_publicize_message":"","jetpack_publicize_feature_enabled":true,"jetpack_social_post_already_shared":true,"jetpack_social_options":{"image_generator_settings":{"template":"highway","default_image_id":0,"font":"","enabled":false},"version":2}},"categories":[14],"tags":[],"class_list":["post-136473","post","type-post","status-publish","format-standard","has-post-thumbnail","hentry","category-merida"],"jetpack_publicize_connections":[],"jetpack_featured_media_url":"https:\/\/formalprision.com\/wp-content\/uploads\/2025\/11\/parro.jpg","jetpack_sharing_enabled":true,"jetpack_shortlink":"https:\/\/wp.me\/p6id8p-zvb","_links":{"self":[{"href":"https:\/\/formalprision.com\/index.php?rest_route=\/wp\/v2\/posts\/136473","targetHints":{"allow":["GET"]}}],"collection":[{"href":"https:\/\/formalprision.com\/index.php?rest_route=\/wp\/v2\/posts"}],"about":[{"href":"https:\/\/formalprision.com\/index.php?rest_route=\/wp\/v2\/types\/post"}],"author":[{"embeddable":true,"href":"https:\/\/formalprision.com\/index.php?rest_route=\/wp\/v2\/users\/2"}],"replies":[{"embeddable":true,"href":"https:\/\/formalprision.com\/index.php?rest_route=%2Fwp%2Fv2%2Fcomments&post=136473"}],"version-history":[{"count":1,"href":"https:\/\/formalprision.com\/index.php?rest_route=\/wp\/v2\/posts\/136473\/revisions"}],"predecessor-version":[{"id":136474,"href":"https:\/\/formalprision.com\/index.php?rest_route=\/wp\/v2\/posts\/136473\/revisions\/136474"}],"wp:featuredmedia":[{"embeddable":true,"href":"https:\/\/formalprision.com\/index.php?rest_route=\/wp\/v2\/media\/136475"}],"wp:attachment":[{"href":"https:\/\/formalprision.com\/index.php?rest_route=%2Fwp%2Fv2%2Fmedia&parent=136473"}],"wp:term":[{"taxonomy":"category","embeddable":true,"href":"https:\/\/formalprision.com\/index.php?rest_route=%2Fwp%2Fv2%2Fcategories&post=136473"},{"taxonomy":"post_tag","embeddable":true,"href":"https:\/\/formalprision.com\/index.php?rest_route=%2Fwp%2Fv2%2Ftags&post=136473"}],"curies":[{"name":"wp","href":"https:\/\/api.w.org\/{rel}","templated":true}]}}