{"id":136486,"date":"2025-11-25T14:13:29","date_gmt":"2025-11-25T19:13:29","guid":{"rendered":"https:\/\/formalprision.com\/?p=136486"},"modified":"2025-11-27T10:47:50","modified_gmt":"2025-11-27T15:47:50","slug":"primera-accion-de-sociedad-valiente-ayudar-a-comerciantes-de-mercados","status":"publish","type":"post","link":"https:\/\/formalprision.com\/?p=136486","title":{"rendered":"Primera acci\u00f3n de Sociedad Valiente: ayudar a comerciantes de mercados"},"content":{"rendered":"\n<p>MERIDA, Yucatan- En la jornada inicial de la estrategia social \u201cJuntos Nos Ayudamos\u201d, del colectivo \u201cSociedad Valiente\u201d, Sergio Vadillo Lora entreg\u00f3 pintura a la Uni\u00f3n de Mercados y Baratilleros de Yucat\u00e1n.<\/p>\n\n\n\n<p>Servir\u00e1 para mejorar la imagen de su sal\u00f3n social ubicado en el centro de la ciudad.<\/p>\n\n\n\n<p>Ante mujeres y hombres que laboran en los mercados de M\u00e9rida, afirm\u00f3 que los centros de abasto significan vida, comunidad y arraigo.<\/p>\n\n\n\n<p>\u201cLa primera reuni\u00f3n, despu\u00e9s de fundar Sociedad Valiente, ten\u00eda que ser con ustedes: el coraz\u00f3n econ\u00f3mico y social de los barrios de M\u00e9rida\u201d, expres\u00f3.<\/p>\n\n\n\n<p>Explic\u00f3 que los mercados han sido, desde ni\u00f1o, parte de su vida, rutina y sus afectos.<\/p>\n\n\n\n<p>Destac\u00f3 los 109 a\u00f1os que est\u00e1 por cumplir la Uni\u00f3n de Baratilleros que por primera vez encabeza una mujer, Marlene Uc Cocom, su nueva presidenta.<\/p>\n\n\n\n<p>\u201cUn siglo de historia que pocas organizaciones en M\u00e9rida pueden presumir. Los mercados nos ense\u00f1an que nadie sale adelante solo; que todo se logra con comunidad.\u201d<\/p>\n\n\n\n<p>Reconoci\u00f3 que las y los locatarios han librado dificultades como la pandemia del Covid-19 y fen\u00f3menos como la gentrificaci\u00f3n.<\/p>\n\n\n\n<p>\u00abNo se trata de criticar, sino de adaptarnos a los cambios, por eso estamos obligados a darle m\u00e1s realce y valor a los espacios que nos pertenecen como meridanos\u201d.<\/p>\n\n\n\n<p>\u00abEstamos apoyando con cubetas de pintura que donaron compa\u00f1eros empresarios con responsabilidad social, indic\u00f3 el restaurantero Jorge Carrillo.<\/p>\n\n\n\n<p>\u201cCuando supimos del colectivo como un proyecto que nace desde el coraz\u00f3n de la ciudadan\u00eda y no en el escritorio decidimos sumarnos\u00bb.<\/p>\n\n\n\n<p>Por su parte, la dirigente Marlene Uc, agradeci\u00f3 la aportaci\u00f3n y que hayan sido escuchados.<\/p>\n\n\n\n<p>En su turno, Enrique S\u00e1nchez, presidente saliente de los baratilleros, agradeci\u00f3 la pintura y dijo que \u00abjuntos pondr\u00e1n su granito de arena\u00bb para pintar todo el local.<\/p>\n","protected":false},"excerpt":{"rendered":"<p>MERIDA, Yucatan- En la jornada inicial de la estrategia social \u201cJuntos Nos Ayudamos\u201d, del colectivo \u201cSociedad Valiente\u201d, Sergio Vadillo Lora entreg\u00f3 pintura a la Uni\u00f3n de Mercados y Baratilleros de<\/p>\n","protected":false},"author":1,"featured_media":136487,"comment_status":"open","ping_status":"open","sticky":false,"template":"","format":"standard","meta":{"jetpack_post_was_ever_published":false,"_jetpack_newsletter_access":"","_jetpack_dont_email_post_to_subs":false,"_jetpack_newsletter_tier_id":0,"_jetpack_memberships_contains_paywalled_content":false,"_jetpack_memberships_contains_paid_content":false,"footnotes":"","jetpack_publicize_message":"","jetpack_publicize_feature_enabled":true,"jetpack_social_post_already_shared":true,"jetpack_social_options":{"image_generator_settings":{"template":"highway","default_image_id":0,"font":"","enabled":false},"version":2}},"categories":[54],"tags":[],"class_list":["post-136486","post","type-post","status-publish","format-standard","has-post-thumbnail","hentry","category-yucatan"],"jetpack_publicize_connections":[],"jetpack_featured_media_url":"https:\/\/formalprision.com\/wp-content\/uploads\/2025\/11\/IMG-20251125-WA0055.jpg","jetpack_sharing_enabled":true,"jetpack_shortlink":"https:\/\/wp.me\/p6id8p-zvo","_links":{"self":[{"href":"https:\/\/formalprision.com\/index.php?rest_route=\/wp\/v2\/posts\/136486","targetHints":{"allow":["GET"]}}],"collection":[{"href":"https:\/\/formalprision.com\/index.php?rest_route=\/wp\/v2\/posts"}],"about":[{"href":"https:\/\/formalprision.com\/index.php?rest_route=\/wp\/v2\/types\/post"}],"author":[{"embeddable":true,"href":"https:\/\/formalprision.com\/index.php?rest_route=\/wp\/v2\/users\/1"}],"replies":[{"embeddable":true,"href":"https:\/\/formalprision.com\/index.php?rest_route=%2Fwp%2Fv2%2Fcomments&post=136486"}],"version-history":[{"count":1,"href":"https:\/\/formalprision.com\/index.php?rest_route=\/wp\/v2\/posts\/136486\/revisions"}],"predecessor-version":[{"id":136488,"href":"https:\/\/formalprision.com\/index.php?rest_route=\/wp\/v2\/posts\/136486\/revisions\/136488"}],"wp:featuredmedia":[{"embeddable":true,"href":"https:\/\/formalprision.com\/index.php?rest_route=\/wp\/v2\/media\/136487"}],"wp:attachment":[{"href":"https:\/\/formalprision.com\/index.php?rest_route=%2Fwp%2Fv2%2Fmedia&parent=136486"}],"wp:term":[{"taxonomy":"category","embeddable":true,"href":"https:\/\/formalprision.com\/index.php?rest_route=%2Fwp%2Fv2%2Fcategories&post=136486"},{"taxonomy":"post_tag","embeddable":true,"href":"https:\/\/formalprision.com\/index.php?rest_route=%2Fwp%2Fv2%2Ftags&post=136486"}],"curies":[{"name":"wp","href":"https:\/\/api.w.org\/{rel}","templated":true}]}}