{"id":136514,"date":"2025-11-26T17:03:52","date_gmt":"2025-11-26T22:03:52","guid":{"rendered":"https:\/\/formalprision.com\/?p=136514"},"modified":"2025-11-27T10:46:40","modified_gmt":"2025-11-27T15:46:40","slug":"con-facilidades-del-ayuntamiento-shakira-dara-un-concierto-en-merida-en-febrero-de-2026","status":"publish","type":"post","link":"https:\/\/formalprision.com\/?p=136514","title":{"rendered":"Con facilidades del Ayuntamiento, Shakira dar\u00e1 un concierto en M\u00e9rida en febrero de 2026"},"content":{"rendered":"\n<p>M\u00c9RIDA, Yucat\u00e1n.- M\u00e9rida se coloca en la mira del mundo con la presentaci\u00f3n de Shakira, a iniciativa de una empresa de espect\u00e1culos que ve en la capital yucateca las condiciones ideales como sede de eventos internacionales.<\/p>\n\n\n\n<p>La presidenta municipal Cecilia Patr\u00f3n Laviada celebr\u00f3 la confianza que brindan las empresas a M\u00e9rida, al reconocer atributos como percepci\u00f3n de seguridad, certeza jur\u00eddica y administrativa, as\u00ed como el potencial tur\u00edstico y econ\u00f3mico que permiten atraer este tipo de eventos e inversiones a la ciudad.<\/p>\n\n\n\n<p>La cantante colombiana Shakira se presentar\u00e1 el 24 de febrero de 2026, en el estadio Carlos Iturralde Rivero, gracias al esfuerzo de una empresa privada que cont\u00f3 con el apoyo del Ayuntamiento para la gesti\u00f3n de permisos y asesor\u00eda para garantizar la seguridad y el disfrute de los asistentes a este mega evento.<\/p>\n\n\n\n<p>Cabe destacar que el gobierno municipal no invierte recurso p\u00fablico para la realizaci\u00f3n del concierto, sin embargo es de gran importancia, pues activar\u00e1 la econom\u00eda en beneficio de las familias meridanas.<\/p>\n\n\n\n<p>Eventos de este tipo implican el uso de servicios y empresas locales que son m\u00e1s y mejores empleos en diversos rubros.<\/p>\n\n\n\n<p>De esta manera, el Ayuntamiento de M\u00e9rida, que encabeza Cecilia Patr\u00f3n, reitera su compromiso de atraer derrama tur\u00edstica, comercial y de servicios que se traduzcan en justicia social y una mejor calidad de vida para las y los ciudadanos.<\/p>\n","protected":false},"excerpt":{"rendered":"<p>M\u00c9RIDA, Yucat\u00e1n.- M\u00e9rida se coloca en la mira del mundo con la presentaci\u00f3n de Shakira, a iniciativa de una empresa de espect\u00e1culos que ve en la capital yucateca las condiciones<\/p>\n","protected":false},"author":2,"featured_media":136516,"comment_status":"open","ping_status":"open","sticky":false,"template":"","format":"standard","meta":{"jetpack_post_was_ever_published":false,"_jetpack_newsletter_access":"","_jetpack_dont_email_post_to_subs":false,"_jetpack_newsletter_tier_id":0,"_jetpack_memberships_contains_paywalled_content":false,"_jetpack_memberships_contains_paid_content":false,"footnotes":"","jetpack_publicize_message":"","jetpack_publicize_feature_enabled":true,"jetpack_social_post_already_shared":true,"jetpack_social_options":{"image_generator_settings":{"template":"highway","default_image_id":0,"font":"","enabled":false},"version":2}},"categories":[54],"tags":[],"class_list":["post-136514","post","type-post","status-publish","format-standard","has-post-thumbnail","hentry","category-yucatan"],"jetpack_publicize_connections":[],"jetpack_featured_media_url":"https:\/\/formalprision.com\/wp-content\/uploads\/2025\/11\/WhatsApp-Image-2025-11-26-at-3.51.02-PM1.jpeg","jetpack_sharing_enabled":true,"jetpack_shortlink":"https:\/\/wp.me\/p6id8p-zvQ","_links":{"self":[{"href":"https:\/\/formalprision.com\/index.php?rest_route=\/wp\/v2\/posts\/136514","targetHints":{"allow":["GET"]}}],"collection":[{"href":"https:\/\/formalprision.com\/index.php?rest_route=\/wp\/v2\/posts"}],"about":[{"href":"https:\/\/formalprision.com\/index.php?rest_route=\/wp\/v2\/types\/post"}],"author":[{"embeddable":true,"href":"https:\/\/formalprision.com\/index.php?rest_route=\/wp\/v2\/users\/2"}],"replies":[{"embeddable":true,"href":"https:\/\/formalprision.com\/index.php?rest_route=%2Fwp%2Fv2%2Fcomments&post=136514"}],"version-history":[{"count":1,"href":"https:\/\/formalprision.com\/index.php?rest_route=\/wp\/v2\/posts\/136514\/revisions"}],"predecessor-version":[{"id":136515,"href":"https:\/\/formalprision.com\/index.php?rest_route=\/wp\/v2\/posts\/136514\/revisions\/136515"}],"wp:featuredmedia":[{"embeddable":true,"href":"https:\/\/formalprision.com\/index.php?rest_route=\/wp\/v2\/media\/136516"}],"wp:attachment":[{"href":"https:\/\/formalprision.com\/index.php?rest_route=%2Fwp%2Fv2%2Fmedia&parent=136514"}],"wp:term":[{"taxonomy":"category","embeddable":true,"href":"https:\/\/formalprision.com\/index.php?rest_route=%2Fwp%2Fv2%2Fcategories&post=136514"},{"taxonomy":"post_tag","embeddable":true,"href":"https:\/\/formalprision.com\/index.php?rest_route=%2Fwp%2Fv2%2Ftags&post=136514"}],"curies":[{"name":"wp","href":"https:\/\/api.w.org\/{rel}","templated":true}]}}