{"id":136527,"date":"2025-11-26T21:14:51","date_gmt":"2025-11-27T02:14:51","guid":{"rendered":"https:\/\/formalprision.com\/?p=136527"},"modified":"2025-11-27T10:45:49","modified_gmt":"2025-11-27T15:45:49","slug":"el-gobernador-joaquin-diaz-mena-inauguro-el-xxv-encuentro-nacional-de-alimentacion-y-desarrollo-comunitario","status":"publish","type":"post","link":"https:\/\/formalprision.com\/?p=136527","title":{"rendered":"El Gobernador Joaqu\u00edn D\u00edaz Mena inaugur\u00f3 el XXV Encuentro Nacional de Alimentaci\u00f3n y Desarrollo Comunitario"},"content":{"rendered":"\n<p>M\u00c9RIDA, Yucat\u00e1n.- El Gobernador Joaqu\u00edn D\u00edaz Mena inaugur\u00f3 el XXV Encuentro Nacional de Alimentaci\u00f3n y Desarrollo Comunitario, organizado por el DIF Nacional y que re\u00fane a representantes de los sistemas estatales DIF de todo el pa\u00eds para analizar y fortalecer pol\u00edticas de atenci\u00f3n a poblaciones vulnerables.<\/p>\n\n\n\n<p>El mandatario estatal reconoci\u00f3 el trabajo que realizan los equipos estatales y municipales del DIF, al se\u00f1alar que su labor es esencial en la vida de millones de personas.<\/p>\n\n\n\n<p>\u201cEl mensaje es uno solo y muy poderoso: que cuando las instituciones se coordinan con las comunidades, los cambios en las familias son reales. Por eso este encuentro tiene ese esp\u00edritu de sumar el conocimiento del territorio, la voluntad de nuestros equipos de trabajo, la sensibilidad de quienes trabajan por nuestras ni\u00f1as, ni\u00f1os, adolescentes y adultos mayores, personas con discapacidad\u201d, destac\u00f3.<\/p>\n\n\n\n<p>Este encuentro tiene como prop\u00f3sito compartir experiencias, actualizar lineamientos y mejorar los programas en favor de quienes m\u00e1s lo necesitan, por lo que resalt\u00f3 que este evento llega a Yucat\u00e1n en un momento importante. Adem\u00e1s, recalc\u00f3 que el bienestar de las infancias, mujeres, madres aut\u00f3nomas, personas adultas mayores y personas con discapacidad se construye con pol\u00edticas claras y con voluntad de servicio.<\/p>\n\n\n\n<p>Durante su intervenci\u00f3n, el director general de Pol\u00edticas en Salud P\u00fablica de la Secretar\u00eda de Salud federal, Daniel Aceves Villagr\u00e1n, resalt\u00f3 el trabajo hecho por el Gobernador D\u00edaz Mena en lo que va de su administraci\u00f3n, periodo en el cual \u2013dijo\u2013 ha trabajado de forma constante por los 106 municipios de la entidad.<\/p>\n\n\n\n<p>\u201cHoy, a 421 d\u00edas de que el Gobernador Constitucional del Estado de Yucat\u00e1n iniciara trabajos de gran transformaci\u00f3n, es sin duda alguna uno de los gobernadores mejor calificados a nivel nacional y, entre otras cualidades, su disposici\u00f3n siempre abierta a visitar y atender los 106 municipios del estado y trabajar de la mano con su sistema estatal del DIF\u201d, expres\u00f3.<\/p>\n\n\n\n<p>Teniendo como escenario el Centro Internacional de Congresos (CIC), D\u00edaz Mena destac\u00f3 la labor hecha desde cada una de esas instancias estatales, municipales y federal en beneficio de la poblaci\u00f3n, e hizo un especial reconocimiento para la presidenta honoraria del DIF Yucat\u00e1n, Mtra. Wendy M\u00e9ndez Naal, y a todo su equipo por su compromiso diario con las familias yucatecas m\u00e1s vulnerables.<\/p>\n\n\n\n<p>Acompa\u00f1ado de la titular del Sistema Nacional DIF, Mar\u00eda del Roc\u00edo Garc\u00eda P\u00e9rez, el Gobernador ofreci\u00f3 una cordial bienvenida para todas y todos a la tierra de Felipe Carrillo Puerto, quien \u2013dijo\u2013 inspir\u00f3 el proyecto del Renacimiento Maya, que tambi\u00e9n lucha para acabar con las desigualdades econ\u00f3micas, pol\u00edticas, de g\u00e9nero y sociales y, sobre todo, para que las personas m\u00e1s pobres de Yucat\u00e1n accedan a una vida con bienestar y justicia social.<\/p>\n\n\n\n<p>\u201cEstoy seguro de que el resultado de este gran trabajo que ustedes van a hacer va a cumplir con esas pol\u00edticas p\u00fablicas de bienestar que tanto ha impulsado nuestra querida presidenta, la primera mujer presidenta, la doctora Claudia Sheinbaum Pardo, a quien le mandamos toda nuestra buena vibra y nuestra gratitud. Hoy quiero hablarles con mucha gratitud en el coraz\u00f3n a todas y todos ustedes, porque cada uno de ustedes en sus estados lleva en los hombros una tarea que no se mide en cifras, sino en vidas transformadas\u201d, indic\u00f3.<\/p>\n","protected":false},"excerpt":{"rendered":"<p>M\u00c9RIDA, Yucat\u00e1n.- El Gobernador Joaqu\u00edn D\u00edaz Mena inaugur\u00f3 el XXV Encuentro Nacional de Alimentaci\u00f3n y Desarrollo Comunitario, organizado por el DIF Nacional y que re\u00fane a representantes de los sistemas<\/p>\n","protected":false},"author":2,"featured_media":136529,"comment_status":"open","ping_status":"open","sticky":false,"template":"","format":"standard","meta":{"jetpack_post_was_ever_published":false,"_jetpack_newsletter_access":"","_jetpack_dont_email_post_to_subs":false,"_jetpack_newsletter_tier_id":0,"_jetpack_memberships_contains_paywalled_content":false,"_jetpack_memberships_contains_paid_content":false,"footnotes":"","jetpack_publicize_message":"","jetpack_publicize_feature_enabled":true,"jetpack_social_post_already_shared":true,"jetpack_social_options":{"image_generator_settings":{"template":"highway","default_image_id":0,"font":"","enabled":false},"version":2}},"categories":[14,17],"tags":[],"class_list":["post-136527","post","type-post","status-publish","format-standard","has-post-thumbnail","hentry","category-merida","category-politica-y-gobierno"],"jetpack_publicize_connections":[],"jetpack_featured_media_url":"https:\/\/formalprision.com\/wp-content\/uploads\/2025\/11\/WhatsApp-Image-2025-11-26-at-5.24.27-PM.jpeg","jetpack_sharing_enabled":true,"jetpack_shortlink":"https:\/\/wp.me\/p6id8p-zw3","_links":{"self":[{"href":"https:\/\/formalprision.com\/index.php?rest_route=\/wp\/v2\/posts\/136527","targetHints":{"allow":["GET"]}}],"collection":[{"href":"https:\/\/formalprision.com\/index.php?rest_route=\/wp\/v2\/posts"}],"about":[{"href":"https:\/\/formalprision.com\/index.php?rest_route=\/wp\/v2\/types\/post"}],"author":[{"embeddable":true,"href":"https:\/\/formalprision.com\/index.php?rest_route=\/wp\/v2\/users\/2"}],"replies":[{"embeddable":true,"href":"https:\/\/formalprision.com\/index.php?rest_route=%2Fwp%2Fv2%2Fcomments&post=136527"}],"version-history":[{"count":1,"href":"https:\/\/formalprision.com\/index.php?rest_route=\/wp\/v2\/posts\/136527\/revisions"}],"predecessor-version":[{"id":136528,"href":"https:\/\/formalprision.com\/index.php?rest_route=\/wp\/v2\/posts\/136527\/revisions\/136528"}],"wp:featuredmedia":[{"embeddable":true,"href":"https:\/\/formalprision.com\/index.php?rest_route=\/wp\/v2\/media\/136529"}],"wp:attachment":[{"href":"https:\/\/formalprision.com\/index.php?rest_route=%2Fwp%2Fv2%2Fmedia&parent=136527"}],"wp:term":[{"taxonomy":"category","embeddable":true,"href":"https:\/\/formalprision.com\/index.php?rest_route=%2Fwp%2Fv2%2Fcategories&post=136527"},{"taxonomy":"post_tag","embeddable":true,"href":"https:\/\/formalprision.com\/index.php?rest_route=%2Fwp%2Fv2%2Ftags&post=136527"}],"curies":[{"name":"wp","href":"https:\/\/api.w.org\/{rel}","templated":true}]}}