{"id":136530,"date":"2025-11-26T21:24:35","date_gmt":"2025-11-27T02:24:35","guid":{"rendered":"https:\/\/formalprision.com\/?p=136530"},"modified":"2025-11-27T10:45:20","modified_gmt":"2025-11-27T15:45:20","slug":"entra-en-operacion-el-viaducto-elevado-del-libramiento-de-progreso","status":"publish","type":"post","link":"https:\/\/formalprision.com\/?p=136530","title":{"rendered":"Entra en operaci\u00f3n el viaducto elevado del libramiento de Progreso"},"content":{"rendered":"\n<p>El viaducto elevado del Libramiento de Progreso inici\u00f3 operaciones este mi\u00e9rcoles y se consolida como una infraestructura estrat\u00e9gica para mejorar la movilidad log\u00edstica del puerto y fortalecer la seguridad de las familias del municipio.<\/p>\n\n\n\n<p>La nueva v\u00eda permitir\u00e1 agilizar el tr\u00e1nsito de autom\u00f3viles, autobuses y unidades de carga, optimizando los tiempos de traslado y evitando el paso del transporte pesado por la zona urbana.<\/p>\n\n\n\n<p>Para garantizar lo anterior,&nbsp;se mantiene una supervisi\u00f3n permanente del funcionamiento del viaducto, en estrecha coordinaci\u00f3n con la Secretar\u00eda de Seguridad P\u00fablica (SSP), la Guardia Nacional y la Administraci\u00f3n del Sistema Portuario Nacional (Asipona) Progreso.<\/p>\n\n\n\n<p>Durante esta fase inicial, el personal t\u00e9cnico y operativo realiza labores de vigilancia 24\/7 en las casetas norte y sur, con el prop\u00f3sito de garantizar una operaci\u00f3n segura, fluida y continua.<\/p>\n\n\n\n<p>Antes de su apertura, se llev\u00f3 a cabo un periodo de pruebas que inici\u00f3 el 6 de noviembre, mediante el cual se evaluaron los sistemas de se\u00f1alizaci\u00f3n, control vehicular y operaci\u00f3n log\u00edstica, a fin de asegurar que la infraestructura cumpliera con los est\u00e1ndares establecidos para su funcionamiento.<\/p>\n\n\n\n<p>La puesta en marcha del viaducto representa un avance sustantivo para la eficiencia del puerto de Progreso, al reducir los tiempos de traslado de aproximadamente 30 minutos a entre 5 y 6 minutos.<\/p>\n\n\n\n<p>Esta mejora permitir\u00e1 disminuir costos de operaci\u00f3n, optimizar la programaci\u00f3n de rutas y brindar mayor seguridad a las personas operadoras y unidades dedicadas al transporte de mercanc\u00edas.<\/p>\n\n\n\n<p>De igual manera, la obra genera beneficios directos para la poblaci\u00f3n de Progreso al retirar la circulaci\u00f3n de veh\u00edculos pesados de las \u00e1reas habitacionales y comerciales.<\/p>\n\n\n\n<p>Con ello se contribuye a disminuir la congesti\u00f3n vehicular, reducir el desgaste de las vialidades urbanas y mejorar las condiciones de seguridad vial para peatones y automovilistas.<\/p>\n\n\n\n<p>Autoridades municipales coincidieron en que esta infraestructura da respuesta a una demanda hist\u00f3rica de las y los habitantes, quienes por a\u00f1os solicitaron reubicar el tr\u00e1nsito de carga pesada fuera de las calles internas del municipio para mejorar la movilidad y reducir riesgos.<\/p>\n\n\n\n<p>En la operaci\u00f3n y supervisi\u00f3n de la obra participan la Asipona Progreso; el Gobierno del Estado, a trav\u00e9s de la Secretar\u00eda General de Gobierno y el Instituto de Infraestructura Carretera de Yucat\u00e1n (Incay); la Secretar\u00eda de Infraestructura, Comunicaciones y Transportes (Sict); la Novena Zona Naval; la Unidad Naval de Protecci\u00f3n Portuaria (Unaprop); el Ayuntamiento de Progreso; y la concesionaria Operaciones Autov\u00eda Libramiento Progreso, S.A. de C.V.<\/p>\n\n\n\n<p>Con la entrada en operaci\u00f3n del viaducto elevado de Progreso, el Gobierno del Renacimiento Maya refrenda su compromiso con el fortalecimiento de la infraestructura estrat\u00e9gica, la mejora de la movilidad y la seguridad vial, as\u00ed como el impulso al desarrollo log\u00edstico y econ\u00f3mico del puerto y del estado.<\/p>\n","protected":false},"excerpt":{"rendered":"<p>El viaducto elevado del Libramiento de Progreso inici\u00f3 operaciones este mi\u00e9rcoles y se consolida como una infraestructura estrat\u00e9gica para mejorar la movilidad log\u00edstica del puerto y fortalecer la seguridad de<\/p>\n","protected":false},"author":2,"featured_media":136532,"comment_status":"open","ping_status":"open","sticky":false,"template":"","format":"standard","meta":{"jetpack_post_was_ever_published":false,"_jetpack_newsletter_access":"","_jetpack_dont_email_post_to_subs":false,"_jetpack_newsletter_tier_id":0,"_jetpack_memberships_contains_paywalled_content":false,"_jetpack_memberships_contains_paid_content":false,"footnotes":"","jetpack_publicize_message":"","jetpack_publicize_feature_enabled":true,"jetpack_social_post_already_shared":true,"jetpack_social_options":{"image_generator_settings":{"template":"highway","default_image_id":0,"font":"","enabled":false},"version":2}},"categories":[54],"tags":[],"class_list":["post-136530","post","type-post","status-publish","format-standard","has-post-thumbnail","hentry","category-yucatan"],"jetpack_publicize_connections":[],"jetpack_featured_media_url":"https:\/\/formalprision.com\/wp-content\/uploads\/2025\/11\/WhatsApp-Image-2025-11-26-at-4.06.31-PM.jpeg","jetpack_sharing_enabled":true,"jetpack_shortlink":"https:\/\/wp.me\/p6id8p-zw6","_links":{"self":[{"href":"https:\/\/formalprision.com\/index.php?rest_route=\/wp\/v2\/posts\/136530","targetHints":{"allow":["GET"]}}],"collection":[{"href":"https:\/\/formalprision.com\/index.php?rest_route=\/wp\/v2\/posts"}],"about":[{"href":"https:\/\/formalprision.com\/index.php?rest_route=\/wp\/v2\/types\/post"}],"author":[{"embeddable":true,"href":"https:\/\/formalprision.com\/index.php?rest_route=\/wp\/v2\/users\/2"}],"replies":[{"embeddable":true,"href":"https:\/\/formalprision.com\/index.php?rest_route=%2Fwp%2Fv2%2Fcomments&post=136530"}],"version-history":[{"count":1,"href":"https:\/\/formalprision.com\/index.php?rest_route=\/wp\/v2\/posts\/136530\/revisions"}],"predecessor-version":[{"id":136531,"href":"https:\/\/formalprision.com\/index.php?rest_route=\/wp\/v2\/posts\/136530\/revisions\/136531"}],"wp:featuredmedia":[{"embeddable":true,"href":"https:\/\/formalprision.com\/index.php?rest_route=\/wp\/v2\/media\/136532"}],"wp:attachment":[{"href":"https:\/\/formalprision.com\/index.php?rest_route=%2Fwp%2Fv2%2Fmedia&parent=136530"}],"wp:term":[{"taxonomy":"category","embeddable":true,"href":"https:\/\/formalprision.com\/index.php?rest_route=%2Fwp%2Fv2%2Fcategories&post=136530"},{"taxonomy":"post_tag","embeddable":true,"href":"https:\/\/formalprision.com\/index.php?rest_route=%2Fwp%2Fv2%2Ftags&post=136530"}],"curies":[{"name":"wp","href":"https:\/\/api.w.org\/{rel}","templated":true}]}}