{"id":136536,"date":"2025-11-26T22:02:24","date_gmt":"2025-11-27T03:02:24","guid":{"rendered":"https:\/\/formalprision.com\/?p=136536"},"modified":"2025-11-28T08:21:31","modified_gmt":"2025-11-28T13:21:31","slug":"el-festival-navideno-merida-brilla-tendra-pista-de-hielo-y-sendero-de-luz-gratuitos","status":"publish","type":"post","link":"https:\/\/formalprision.com\/?p=136536","title":{"rendered":"El Festival Navide\u00f1o \u201cM\u00e9rida Brilla\u201d tendr\u00e1 pista de hielo y sendero de luz gratuitos"},"content":{"rendered":"\n<p>M\u00c9RIDA, Yucat\u00e1n.- Una pista de hielo y un sendero de luz son las innovaciones del Festival Navide\u00f1o \u201cM\u00e9rida Brilla\u201d, que present\u00f3 la presidenta municipal Cecilia Patr\u00f3n Laviada con amplio programa de actividades gratuitas para fortalecer la convivencia familiar y compartir la temporada en comunidad.<\/p>\n\n\n\n<p>\u201cCada actividad fue hecha pensando en las y los meridanos, a quienes cuidamos y queremos ver felices, y se trata de que abracemos nuestra ciudad, que la disfrutemos y que generemos uni\u00f3n comunitaria, que es la mayor fortaleza que tiene la chula M\u00e9rida para fomentar la paz social\u201d, destac\u00f3 la alcaldesa.<\/p>\n\n\n\n<p>Teniendo como marco el Parque Ecol\u00f3gico del Poniente, ante familias de la zona, Cecilia dio a conocer los detalles de esta celebraci\u00f3n que llegar\u00e1 a colonias y comisar\u00edas de los cuatro puntos cardinales, del 30 de noviembre al 7 de enero.<\/p>\n\n\n\n<p>Una de las principales atracciones ser\u00e1 \u201cLa Magia sobre Hielo\u201d, pista instalada a la altura de la glorieta a Justo Sierra en Paseo de Montejo, del 7 de diciembre al 7 de enero.<\/p>\n\n\n\n<p>Tambi\u00e9n se podr\u00e1 recorrer el \u201cSendero de Magia y Luz\u201d en el Parque Ecol\u00f3gico del Poniente, para sumergirse en un ambiente festivo de m\u00fasica y color, previa solicitud de accesos.<\/p>\n\n\n\n<p>El festival comenzar\u00e1 con el encendido oficial del tradicional \u00e1rbol en el Remate de Paseo de Montejo, el domingo 30 de noviembre, e incluir\u00e1 24 eventos gratuitos incluyendo el encendido de ocho \u00e1rboles navide\u00f1os, cinco rutas de caravanas y una amplia agenda de espect\u00e1culos y actividades en parques y espacios p\u00fablicos.<\/p>\n\n\n\n<p>Entre los atractivos tambi\u00e9n est\u00e1n la Bici Ruta Nocturna Navide\u00f1a; desde el 11 de diciembre, el Parque de la Paz ofrecer\u00e1 un videomapping con villancicos en la fachada de La Ex Peni, y la \u201cNavidad Extrema\u201d llegar\u00e1 al Parque de Deportes Extremos, con atractivos especiales del 19 al 21 de diciembre.<\/p>\n\n\n\n<p>Las caravanas navide\u00f1as recorrer\u00e1n cinco rutas llevando fantas\u00eda y alegr\u00eda a colonias y comisar\u00edas con Santa Claus, duendes, galletas de jengibre, bailarinas y bastoneras sobre carros aleg\u00f3ricos iluminados, llenando de m\u00fasica y color los barrios, uno de los eventos m\u00e1s esperados por ni\u00f1as y ni\u00f1os.<\/p>\n\n\n\n<figure class=\"wp-block-image size-full\"><a href=\"http:\/\/formalprision.com\/wp-content\/uploads\/2025\/11\/WhatsApp-Image-2025-11-26-at-8.48.01-PM.jpeg\"><img loading=\"lazy\" decoding=\"async\" width=\"900\" height=\"599\" src=\"http:\/\/formalprision.com\/wp-content\/uploads\/2025\/11\/WhatsApp-Image-2025-11-26-at-8.48.01-PM.jpeg\" alt=\"\" class=\"wp-image-136538\" srcset=\"https:\/\/formalprision.com\/wp-content\/uploads\/2025\/11\/WhatsApp-Image-2025-11-26-at-8.48.01-PM.jpeg 900w, https:\/\/formalprision.com\/wp-content\/uploads\/2025\/11\/WhatsApp-Image-2025-11-26-at-8.48.01-PM-300x200.jpeg 300w, https:\/\/formalprision.com\/wp-content\/uploads\/2025\/11\/WhatsApp-Image-2025-11-26-at-8.48.01-PM-768x511.jpeg 768w\" sizes=\"auto, (max-width: 900px) 100vw, 900px\" \/><\/a><\/figure>\n\n\n\n<p>Habr\u00e1 presentaciones de bailes tem\u00e1ticos por parte de los Centros Aprende, actividades infantiles y espect\u00e1culos comunitarios, y en distintos puntos de la ciudad se instalar\u00e1n Mercaditos M\u00e9rida y bazares navide\u00f1os, con el fin de apoyar a artesanas, emprendedoras y productores locales, impulsando la econom\u00eda comunitaria durante esta temporada de alta afluencia.<\/p>\n\n\n\n<p>Las principales avenidas, glorietas y calles de M\u00e9rida tambi\u00e9n se vestir\u00e1n con motivos navide\u00f1os para crear un ambiente festivo tanto para habitantes como para visitantes.<\/p>\n\n\n\n<p>El Festival Navide\u00f1o \u201cM\u00e9rida Brilla\u201d es resultado del trabajo coordinado entre varias dependencias municipales, como Desarrollo Social y Combate a la Pobreza, Bienestar Humano, Servicios P\u00fablicos, Identidad y Cultura, el Comit\u00e9 Permanente del Carnaval, el Instituto de las Mujeres y la Polic\u00eda Municipal, quienes unieron esfuerzos para ofrecer actividades seguras, ordenadas y accesibles para toda la poblaci\u00f3n.<\/p>\n\n\n\n<p>El acceso a la pista de hielo estar\u00e1 disponible del 7 de diciembre al 7 de enero. Para el p\u00fablico general, los horarios ser\u00e1n de lunes a viernes de 4:00 p.m. a 9:00 p.m.; s\u00e1bados de 11:00 a.m. a 3:00 p.m. y de 4:00 p.m. a 9:00 p.m.; y domingos de 9:00 a.m. a 3:00 p.m. y de 4:00 p.m. a 9:00 p.m. El 24 y 31 de diciembre abrir\u00e1 de 9:00 a.m. a 12:00 p.m., mientras que el 25 de diciembre y 1 de enero permanecer\u00e1 cerrada. Para escuelas y asociaciones civiles, el acceso ser\u00e1 de lunes a viernes de 9:00 a.m. a 3:00 p.m., previa solicitud en la ventanilla de Desarrollo Social y Combate a la Pobreza ubicada en la calle 65 No. 368 interior, por 40 y 46 del Centro.<\/p>\n\n\n\n<p>Las entradas para el Sendero de Magia y Luz se entregar\u00e1n los d\u00edas 8, 9 y 10 de diciembre en el Centro Cultural Olimpo, el Parque Ecol\u00f3gico del Poniente y los Centros Aprende San Jos\u00e9 Tecoh, Sara Mena y El Papa, en horario de 9:00 a.m. a 12:00 p.m. El cupo es limitado, con un m\u00e1ximo de dos boletos por persona presentando INE.<\/p>\n\n\n\n<p>Arturo Le\u00f3n Itz\u00e1, director de Desarrollo Social y Combate a la Pobreza, destac\u00f3 que \u201cla Navidad es un tiempo para agradecer por lo que hemos recibido y para compartir alegr\u00eda con quienes amamos; por eso, este festival busca que cada meridana y cada meridano encuentre un espacio donde vivir momentos especiales en familia\u201d.<\/p>\n\n\n\n<p>El Ayuntamiento ha trabajado para que la ciudad luzca segura, iluminada y preparada para recibir a las miles de familias que participan cada a\u00f1o en estas actividades.<\/p>\n\n\n\n<p>Acompa\u00f1aron a la alcaldesa en el anuncio Flora Zapata Mendiolea, coordinadora general de Justicia Social y Desarrollo Humano, y el comisario Rafael Chairez Cuevas, director de la Polic\u00eda Municipal.<\/p>\n\n\n\n<p>La cartelera completa, con fechas, horarios y sedes de todas las actividades del Festival Navide\u00f1o \u201cM\u00e9rida Brilla\u201d podr\u00e1 consultarse en el link: www.merida.gob.mx\/meridabrilla<\/p>\n","protected":false},"excerpt":{"rendered":"<p>M\u00c9RIDA, Yucat\u00e1n.- Una pista de hielo y un sendero de luz son las innovaciones del Festival Navide\u00f1o \u201cM\u00e9rida Brilla\u201d, que present\u00f3 la presidenta municipal Cecilia Patr\u00f3n Laviada con amplio programa<\/p>\n","protected":false},"author":2,"featured_media":136539,"comment_status":"open","ping_status":"open","sticky":false,"template":"","format":"standard","meta":{"jetpack_post_was_ever_published":false,"_jetpack_newsletter_access":"","_jetpack_dont_email_post_to_subs":false,"_jetpack_newsletter_tier_id":0,"_jetpack_memberships_contains_paywalled_content":false,"_jetpack_memberships_contains_paid_content":false,"footnotes":"","jetpack_publicize_message":"","jetpack_publicize_feature_enabled":true,"jetpack_social_post_already_shared":true,"jetpack_social_options":{"image_generator_settings":{"template":"highway","default_image_id":0,"font":"","enabled":false},"version":2}},"categories":[14],"tags":[],"class_list":["post-136536","post","type-post","status-publish","format-standard","has-post-thumbnail","hentry","category-merida"],"jetpack_publicize_connections":[],"jetpack_featured_media_url":"https:\/\/formalprision.com\/wp-content\/uploads\/2025\/11\/WhatsApp-Image-2025-11-26-at-8.48.02-PM.jpeg","jetpack_sharing_enabled":true,"jetpack_shortlink":"https:\/\/wp.me\/p6id8p-zwc","_links":{"self":[{"href":"https:\/\/formalprision.com\/index.php?rest_route=\/wp\/v2\/posts\/136536","targetHints":{"allow":["GET"]}}],"collection":[{"href":"https:\/\/formalprision.com\/index.php?rest_route=\/wp\/v2\/posts"}],"about":[{"href":"https:\/\/formalprision.com\/index.php?rest_route=\/wp\/v2\/types\/post"}],"author":[{"embeddable":true,"href":"https:\/\/formalprision.com\/index.php?rest_route=\/wp\/v2\/users\/2"}],"replies":[{"embeddable":true,"href":"https:\/\/formalprision.com\/index.php?rest_route=%2Fwp%2Fv2%2Fcomments&post=136536"}],"version-history":[{"count":2,"href":"https:\/\/formalprision.com\/index.php?rest_route=\/wp\/v2\/posts\/136536\/revisions"}],"predecessor-version":[{"id":136540,"href":"https:\/\/formalprision.com\/index.php?rest_route=\/wp\/v2\/posts\/136536\/revisions\/136540"}],"wp:featuredmedia":[{"embeddable":true,"href":"https:\/\/formalprision.com\/index.php?rest_route=\/wp\/v2\/media\/136539"}],"wp:attachment":[{"href":"https:\/\/formalprision.com\/index.php?rest_route=%2Fwp%2Fv2%2Fmedia&parent=136536"}],"wp:term":[{"taxonomy":"category","embeddable":true,"href":"https:\/\/formalprision.com\/index.php?rest_route=%2Fwp%2Fv2%2Fcategories&post=136536"},{"taxonomy":"post_tag","embeddable":true,"href":"https:\/\/formalprision.com\/index.php?rest_route=%2Fwp%2Fv2%2Ftags&post=136536"}],"curies":[{"name":"wp","href":"https:\/\/api.w.org\/{rel}","templated":true}]}}