{"id":136552,"date":"2025-11-27T19:19:19","date_gmt":"2025-11-28T00:19:19","guid":{"rendered":"https:\/\/formalprision.com\/?p=136552"},"modified":"2025-11-28T22:02:12","modified_gmt":"2025-11-29T03:02:12","slug":"el-ayuntamiento-realiza-la-quinta-edicion-del-cabildo-abierto-cecilia-patron-destaca-el-compromiso-con-la-educacion","status":"publish","type":"post","link":"https:\/\/formalprision.com\/?p=136552","title":{"rendered":"Cecilia Patr\u00f3n destaca el compromiso con la educaci\u00f3n"},"content":{"rendered":"\n<p>M\u00c9RIDA, Yucat\u00e1n.- En el Ayuntamiento estamos comprometidos con la educaci\u00f3n y escuchamos las voces que nos permitan dise\u00f1ar estrategias que realmente respondan a la realidad de las y los meridanos, afirm\u00f3 la presidenta municipal Cecilia Patr\u00f3n Laviada durante la quinta edici\u00f3n del Cabildo Abierto.<\/p>\n\n\n\n<p>\u00abNuestro estilo de gobernar cree firmemente que la prosperidad de una ciudad viene de su gente, por eso continuaremos impulsando una participaci\u00f3n ciudadana m\u00e1s efectiva en la planeaci\u00f3n, ejecuci\u00f3n y evaluaci\u00f3n de las actividades gubernamentales, reconociendo que la suma de esfuerzos contribuye a mejorar nuestra calidad de vida y la construcci\u00f3n de una ciudad m\u00e1s incluyente\u00bb, dijo.<\/p>\n\n\n\n<p>En la sesi\u00f3n, realizada en el sal\u00f3n de cabildo Rosa Torre Gonz\u00e1lez participaron, Pablo Jos\u00e9 Chi Tuz con el tema \u201cFortalecimiento de las competencias digitales de estudiantes, maestros y padres<\/p>\n\n\n\n<p>de familia para el uso \u00e9tico y creativo de la inteligencia artificial\u201d; Merly Luc\u00eda Montesinos V\u00e1rguez con \u201cC\u00edrculos de conversaci\u00f3n\u201d, enfocado al fortalecimiento en la expresi\u00f3n del idioma ingl\u00e9s, y Josu\u00e9 Ariel Olvera Albornoz, con \u00abPreocupado y ocupado\u00bb, corte humanista que propone fomentar los valores y los buenos h\u00e1bitos de conducta desde la ni\u00f1ez.<\/p>\n\n\n\n<p>En su mensaje, la alcaldesa destac\u00f3 la importancia de la educaci\u00f3n como eje fundamental para el presente y futuro de la ni\u00f1ez y juventud meridanas y recalc\u00f3 que el tema de la educaci\u00f3n es fundamental para el desarrollo de la ciudad, a\u00fan cuando no es un tema de injerencia directa del municipio.<\/p>\n\n\n\n<p>Asimismo se refiri\u00f3 a los programas y apoyos que el Ayuntamiento ofrece para fortalecer la educaci\u00f3n y el crecimiento de los j\u00f3venes, como el Laboratorio de Innovaci\u00f3n Social, los Centros Aprende y las Becas de Excelencia Universitaria.<\/p>\n\n\n\n<p>Tambi\u00e9n destac\u00f3 programas como M\u00e9rida Campus Digital, que ofrecen acceso gratuito a clases de ingl\u00e9s, asesor\u00edas en nutrici\u00f3n, apoyo escolar mediante Refuerza, los Centros Emprende, becas, cursos proped\u00e9uticos y otros apoyos acad\u00e9micos con los cuales se busca fortalecer las oportunidades que permiten a cada joven crecer, aprender y avanzar con igualdad de condiciones.<\/p>\n\n\n\n<p>Cecilia recalc\u00f3 que en M\u00e9rida, la justicia social y el bien com\u00fan son fundamentales para generar condiciones reales para que la juventud acceda a herramientas que les permitan prepararse como profesionales del m\u00e1s alto nivel.<\/p>\n\n\n\n<p>A la fecha se han realizado cinco ediciones de Cabildo Abierto en las que se abordaron los temas: \u201cSalud mental y alimentaria\u201d, \u201cProtecci\u00f3n del medio ambiente\u201d, \u201cDesarrollo social\u201d \u201cDesarrollo econ\u00f3mico\u201d y \u201cEducaci\u00f3n\u201d.<\/p>\n\n\n\n<p>El total de inscritos para esta edici\u00f3n fue de cuatro personas, una mujer y tres hombres.<\/p>\n\n\n\n<p>En la sesi\u00f3n de Cabildo Abierto estuvieron presentes Flora Helena Zapata Mendiolea y Carlos Francisco Vi\u00f1as Heredia, coordinadores generales de Justicia Social y Desarrollo Humano y Desarrollo Ordenado y Gesti\u00f3n de la Ciudad, respectivamente.<\/p>\n\n\n\n<p>Tambi\u00e9n Carlos Manuel Carrillo Paredes, secretario de Participaci\u00f3n y Atenci\u00f3n Ciudadana, y Jessica Lisset Espaldas Z\u00fa\u00f1iga, coordinadora de la Licenciatura de Ingl\u00e9s del Centro Educativo Universitario del Mayab (C.E.U.M.)<\/p>\n","protected":false},"excerpt":{"rendered":"<p>M\u00c9RIDA, Yucat\u00e1n.- En el Ayuntamiento estamos comprometidos con la educaci\u00f3n y escuchamos las voces que nos permitan dise\u00f1ar estrategias que realmente respondan a la realidad de las y los meridanos,<\/p>\n","protected":false},"author":2,"featured_media":136556,"comment_status":"open","ping_status":"open","sticky":false,"template":"","format":"standard","meta":{"jetpack_post_was_ever_published":false,"_jetpack_newsletter_access":"","_jetpack_dont_email_post_to_subs":false,"_jetpack_newsletter_tier_id":0,"_jetpack_memberships_contains_paywalled_content":false,"_jetpack_memberships_contains_paid_content":false,"footnotes":"","jetpack_publicize_message":"","jetpack_publicize_feature_enabled":true,"jetpack_social_post_already_shared":true,"jetpack_social_options":{"image_generator_settings":{"template":"highway","default_image_id":0,"font":"","enabled":false},"version":2}},"categories":[54],"tags":[],"class_list":["post-136552","post","type-post","status-publish","format-standard","has-post-thumbnail","hentry","category-yucatan"],"jetpack_publicize_connections":[],"jetpack_featured_media_url":"https:\/\/formalprision.com\/wp-content\/uploads\/2025\/11\/WhatsApp-Image-2025-11-27-at-5.54.33-PM.jpeg","jetpack_sharing_enabled":true,"jetpack_shortlink":"https:\/\/wp.me\/p6id8p-zws","_links":{"self":[{"href":"https:\/\/formalprision.com\/index.php?rest_route=\/wp\/v2\/posts\/136552","targetHints":{"allow":["GET"]}}],"collection":[{"href":"https:\/\/formalprision.com\/index.php?rest_route=\/wp\/v2\/posts"}],"about":[{"href":"https:\/\/formalprision.com\/index.php?rest_route=\/wp\/v2\/types\/post"}],"author":[{"embeddable":true,"href":"https:\/\/formalprision.com\/index.php?rest_route=\/wp\/v2\/users\/2"}],"replies":[{"embeddable":true,"href":"https:\/\/formalprision.com\/index.php?rest_route=%2Fwp%2Fv2%2Fcomments&post=136552"}],"version-history":[{"count":2,"href":"https:\/\/formalprision.com\/index.php?rest_route=\/wp\/v2\/posts\/136552\/revisions"}],"predecessor-version":[{"id":136596,"href":"https:\/\/formalprision.com\/index.php?rest_route=\/wp\/v2\/posts\/136552\/revisions\/136596"}],"wp:featuredmedia":[{"embeddable":true,"href":"https:\/\/formalprision.com\/index.php?rest_route=\/wp\/v2\/media\/136556"}],"wp:attachment":[{"href":"https:\/\/formalprision.com\/index.php?rest_route=%2Fwp%2Fv2%2Fmedia&parent=136552"}],"wp:term":[{"taxonomy":"category","embeddable":true,"href":"https:\/\/formalprision.com\/index.php?rest_route=%2Fwp%2Fv2%2Fcategories&post=136552"},{"taxonomy":"post_tag","embeddable":true,"href":"https:\/\/formalprision.com\/index.php?rest_route=%2Fwp%2Fv2%2Ftags&post=136552"}],"curies":[{"name":"wp","href":"https:\/\/api.w.org\/{rel}","templated":true}]}}