{"id":136557,"date":"2025-11-27T20:21:42","date_gmt":"2025-11-28T01:21:42","guid":{"rendered":"https:\/\/formalprision.com\/?p=136557"},"modified":"2025-11-28T08:20:10","modified_gmt":"2025-11-28T13:20:10","slug":"el-gobernador-joaquin-diaz-mena-puso-en-marcha-el-operativo-invernal-heroes-paisanos","status":"publish","type":"post","link":"https:\/\/formalprision.com\/?p=136557","title":{"rendered":"El gobernador  puso en marcha el operativo invernal &#8216;H\u00e9roes Paisanos&#8217;"},"content":{"rendered":"\n<p>El Gobernador Joaqu\u00edn D\u00edaz Mena puso en marcha el operativo especial de invierno 2025 del programa \u00abH\u00e9roes Paisanos\u00bb, el cual, a trav\u00e9s de la coordinaci\u00f3n de dependencias federales, estatales y municipales, busca garantizar, durante este periodo vacacional decembrino, que la entrada, tr\u00e1nsito y salida del pa\u00eds de los connacionales se realice de manera digna, segura y respetando sus derechos.<\/p>\n\n\n\n<p>En el complejo de seguridad, el mandatario estatal dio el banderazo de salida a las unidades y elementos a cargo de estas labores de protecci\u00f3n a nuestros hermanos connacionales, quienes en estas fechas retornan a nuestro pa\u00eds para reencontrarse con sus familias y cultura de origen.<\/p>\n\n\n\n<p>En el operativo participan efectivos del Instituto Nacional de Migraci\u00f3n, la Secretar\u00eda de Seguridad P\u00fablica, el Ej\u00e9rcito Mexicano, la Secretar\u00eda de Marina, la Guardia Nacional, la Fiscal\u00eda General del Estado, Protecci\u00f3n Civil, el Centro Nacional de Inteligencia, la Polic\u00eda Municipal de M\u00e9rida, la Secretar\u00eda de Bienestar y la Secretar\u00eda T\u00e9cnica de la Mesa de Paz y Seguridad.<\/p>\n\n\n\n<p>\u00abEste operativo representa la coordinaci\u00f3n entre instituciones, la solidaridad con nuestros migrantes y el compromiso profundo de trabajar por la seguridad y el bienestar de cada mexicana y cada mexicano que vuelve a su tierra\u201d, afirm\u00f3 D\u00edaz Mena.<\/p>\n\n\n\n<p>\u201cEl mensaje es profundamente humano: nadie que regrese a Yucat\u00e1n estar\u00e1 solo en su camino; cada m\u00f3dulo, cada unidad, cada observador y cada servidor p\u00fablico estamos para acompa\u00f1ar, orientar y proteger a los migrantes\u00bb, sostuvo.<\/p>\n\n\n\n<p>El titular del Ejecutivo estatal record\u00f3 que muchas paisanas y paisanos viajan miles de kil\u00f3metros, trabajan duro y han esperado este momento para ver a sus familias, por lo que lo menos que se puede hacer por ellos es garantizarles un regreso seguro, sin abusos, sin extorsiones, sin malos tratos y con pleno respeto a sus derechos.<\/p>\n\n\n\n<p>\u00abEn Yucat\u00e1n creemos en el valor de las familias, en la paz, en la solidaridad y en la gratitud a quienes desde lejos construyen el futuro con esfuerzo y sacrificio\u00bb, afirm\u00f3 el Gobernador. Por \u00faltimo, el mandatario estatal agradeci\u00f3 a la Presidenta Claudia Sheinbaum Pardo por su respaldo permanente a los paisanos, por su apoyo en materia de seguridad en favor de las familias yucatecas y del fortalecimiento de los mecanismos de coordinaci\u00f3n que hacen posible este operativo en beneficio de los migrantes.<\/p>\n","protected":false},"excerpt":{"rendered":"<p>El Gobernador Joaqu\u00edn D\u00edaz Mena puso en marcha el operativo especial de invierno 2025 del programa \u00abH\u00e9roes Paisanos\u00bb, el cual, a trav\u00e9s de la coordinaci\u00f3n de dependencias federales, estatales y<\/p>\n","protected":false},"author":2,"featured_media":136559,"comment_status":"open","ping_status":"open","sticky":false,"template":"","format":"standard","meta":{"jetpack_post_was_ever_published":false,"_jetpack_newsletter_access":"","_jetpack_dont_email_post_to_subs":false,"_jetpack_newsletter_tier_id":0,"_jetpack_memberships_contains_paywalled_content":false,"_jetpack_memberships_contains_paid_content":false,"footnotes":"","jetpack_publicize_message":"","jetpack_publicize_feature_enabled":true,"jetpack_social_post_already_shared":true,"jetpack_social_options":{"image_generator_settings":{"template":"highway","default_image_id":0,"font":"","enabled":false},"version":2}},"categories":[14],"tags":[],"class_list":["post-136557","post","type-post","status-publish","format-standard","has-post-thumbnail","hentry","category-merida"],"jetpack_publicize_connections":[],"jetpack_featured_media_url":"https:\/\/formalprision.com\/wp-content\/uploads\/2025\/11\/WhatsApp-Image-2025-11-27-at-12.39.49-PM.jpeg","jetpack_sharing_enabled":true,"jetpack_shortlink":"https:\/\/wp.me\/p6id8p-zwx","_links":{"self":[{"href":"https:\/\/formalprision.com\/index.php?rest_route=\/wp\/v2\/posts\/136557","targetHints":{"allow":["GET"]}}],"collection":[{"href":"https:\/\/formalprision.com\/index.php?rest_route=\/wp\/v2\/posts"}],"about":[{"href":"https:\/\/formalprision.com\/index.php?rest_route=\/wp\/v2\/types\/post"}],"author":[{"embeddable":true,"href":"https:\/\/formalprision.com\/index.php?rest_route=\/wp\/v2\/users\/2"}],"replies":[{"embeddable":true,"href":"https:\/\/formalprision.com\/index.php?rest_route=%2Fwp%2Fv2%2Fcomments&post=136557"}],"version-history":[{"count":2,"href":"https:\/\/formalprision.com\/index.php?rest_route=\/wp\/v2\/posts\/136557\/revisions"}],"predecessor-version":[{"id":136573,"href":"https:\/\/formalprision.com\/index.php?rest_route=\/wp\/v2\/posts\/136557\/revisions\/136573"}],"wp:featuredmedia":[{"embeddable":true,"href":"https:\/\/formalprision.com\/index.php?rest_route=\/wp\/v2\/media\/136559"}],"wp:attachment":[{"href":"https:\/\/formalprision.com\/index.php?rest_route=%2Fwp%2Fv2%2Fmedia&parent=136557"}],"wp:term":[{"taxonomy":"category","embeddable":true,"href":"https:\/\/formalprision.com\/index.php?rest_route=%2Fwp%2Fv2%2Fcategories&post=136557"},{"taxonomy":"post_tag","embeddable":true,"href":"https:\/\/formalprision.com\/index.php?rest_route=%2Fwp%2Fv2%2Ftags&post=136557"}],"curies":[{"name":"wp","href":"https:\/\/api.w.org\/{rel}","templated":true}]}}