{"id":136566,"date":"2025-11-27T21:30:36","date_gmt":"2025-11-28T02:30:36","guid":{"rendered":"https:\/\/formalprision.com\/?p=136566"},"modified":"2025-11-28T08:19:01","modified_gmt":"2025-11-28T13:19:01","slug":"gobierno-de-mexico-respalda-a-yucatan-para-seguir-generando-empleos-inversiones-y-crecimiento","status":"publish","type":"post","link":"https:\/\/formalprision.com\/?p=136566","title":{"rendered":"Gobierno de M\u00e9xico respalda a Yucat\u00e1n para seguir generando empleos, inversiones y crecimiento"},"content":{"rendered":"\n<p>En una reuni\u00f3n realizada este d\u00eda en Palacio de Gobierno, el secretario de Econom\u00eda, Marcelo Ebrard Casaub\u00f3n, ratific\u00f3 el total apoyo de la Presidenta Claudia Sheinbaum Pardo y del Gobierno de M\u00e9xico al Gobernador Joaqu\u00edn D\u00edaz Mena, as\u00ed como a las pol\u00edticas econ\u00f3micas, programas sociales y proyectos estrat\u00e9gicos que se desarrollan en la entidad.<\/p>\n\n\n\n<p>Durante el encuentro, D\u00edaz Mena y el funcionario federal coincidieron en que Yucat\u00e1n es actualmente una de las entidades con mayor confianza para invertir y que esta confianza seguir\u00e1 fortaleci\u00e9ndose con el acompa\u00f1amiento del Gobierno de M\u00e9xico.<\/p>\n\n\n\n<p>Asimismo,&nbsp;se destac\u00f3 que empresas nacionales e internacionales han constatado que en Yucat\u00e1n existen condiciones de certeza, seguridad y estabilidad que permiten seguir generando m\u00e1s y mejores empleos.<\/p>\n\n\n\n<p>De igual forma,&nbsp;el Gobierno de M\u00e9xico refrend\u00f3 su apoyo a las grandes obras del Renacimiento Maya, que representan un impulso decisivo para el desarrollo econ\u00f3mico, la atracci\u00f3n de inversiones y el bienestar de las familias. Dichos proyectos cuentan con plena coordinaci\u00f3n y respaldo para avanzar sin interrupciones.<\/p>\n\n\n\n<p>En este sentido, el Gobernador D\u00edaz Mena subray\u00f3 que obras estrat\u00e9gicas como la ampliaci\u00f3n del Puerto de Progreso avanzan conforme a lo programado y que las y los empresarios han participado directamente en mesas de trabajo donde han podido constatar el progreso de los trabajos y el impacto positivo que tendr\u00e1n en la generaci\u00f3n de empleos y oportunidades para Yucat\u00e1n.<\/p>\n\n\n\n<p>Asimismo, se envi\u00f3 un mensaje de tranquilidad a la ciudadan\u00eda: los empleos se mantienen, las inversiones contin\u00faan llegando y Yucat\u00e1n seguir\u00e1 siendo un estado competitivo y atractivo para los sectores productivos.<\/p>\n\n\n\n<p>Adem\u00e1s,&nbsp;el Gobierno del Estado record\u00f3 que el proyecto de Presupuesto 2026 asciende a m\u00e1s de 66 mil millones de pesos y fue dise\u00f1ado para asegurar la continuidad de programas sociales como Mujeres Renacimiento y Juventudes Renacimiento, mejorar los servicios de salud y fortalecer la seguridad p\u00fablica, as\u00ed como impulsar grandes proyectos y m\u00e1s obra en colonias y municipios. En el caso de M\u00e9rida, se enfatiz\u00f3 que se seguir\u00e1 trabajando para mejorar el Sistema Va y Ven.<\/p>\n\n\n\n<p>Tambi\u00e9n se subray\u00f3 que no se crear\u00e1n nuevos impuestos y que las actualizaciones contempladas no afectan a la ciudadan\u00eda, sino que fortalecen las finanzas p\u00fablicas para garantizar servicios y programas que beneficien directamente a la poblaci\u00f3n.<\/p>\n\n\n\n<p>De esta manera,&nbsp;el Gobierno del Estado reiter\u00f3 que trabaja en estrecha coordinaci\u00f3n con el Gobierno de M\u00e9xico, con un compromiso firme hacia la justicia social, la generaci\u00f3n de empleos y el crecimiento econ\u00f3mico de Yucat\u00e1n.<\/p>\n\n\n\n<p>Posteriormente, D\u00edaz Mena y Ebrard Casaub\u00f3n encabezaron una reuni\u00f3n de di\u00e1logo estrat\u00e9gico entre la Secretar\u00eda de Econom\u00eda y las Secretar\u00edas Estatales de Econom\u00eda y Trabajo, organizada por la Asociaci\u00f3n Mexicana de Secretarios de Desarrollo Econ\u00f3mico (Amsde).<\/p>\n\n\n\n<p>Durante esta sesi\u00f3n, realizada en la capital yucateca, se abord\u00f3 la importancia de contar con una ruta clara para el desarrollo econ\u00f3mico del pa\u00eds, entendiendo que se trata de una responsabilidad compartida dentro del Plan M\u00e9xico; y se present\u00f3 la pol\u00edtica industrial del Renacimiento Maya, que busca consolidar proyectos estrat\u00e9gicos y generar oportunidades de crecimiento regional.<\/p>\n","protected":false},"excerpt":{"rendered":"<p>En una reuni\u00f3n realizada este d\u00eda en Palacio de Gobierno, el secretario de Econom\u00eda, Marcelo Ebrard Casaub\u00f3n, ratific\u00f3 el total apoyo de la Presidenta Claudia Sheinbaum Pardo y del Gobierno<\/p>\n","protected":false},"author":2,"featured_media":136568,"comment_status":"open","ping_status":"open","sticky":false,"template":"","format":"standard","meta":{"jetpack_post_was_ever_published":false,"_jetpack_newsletter_access":"","_jetpack_dont_email_post_to_subs":false,"_jetpack_newsletter_tier_id":0,"_jetpack_memberships_contains_paywalled_content":false,"_jetpack_memberships_contains_paid_content":false,"footnotes":"","jetpack_publicize_message":"","jetpack_publicize_feature_enabled":true,"jetpack_social_post_already_shared":true,"jetpack_social_options":{"image_generator_settings":{"template":"highway","default_image_id":0,"font":"","enabled":false},"version":2}},"categories":[14,17],"tags":[],"class_list":["post-136566","post","type-post","status-publish","format-standard","has-post-thumbnail","hentry","category-merida","category-politica-y-gobierno"],"jetpack_publicize_connections":[],"jetpack_featured_media_url":"https:\/\/formalprision.com\/wp-content\/uploads\/2025\/11\/WhatsApp-Image-2025-11-27-at-5.39.40-PM.jpeg","jetpack_sharing_enabled":true,"jetpack_shortlink":"https:\/\/wp.me\/p6id8p-zwG","_links":{"self":[{"href":"https:\/\/formalprision.com\/index.php?rest_route=\/wp\/v2\/posts\/136566","targetHints":{"allow":["GET"]}}],"collection":[{"href":"https:\/\/formalprision.com\/index.php?rest_route=\/wp\/v2\/posts"}],"about":[{"href":"https:\/\/formalprision.com\/index.php?rest_route=\/wp\/v2\/types\/post"}],"author":[{"embeddable":true,"href":"https:\/\/formalprision.com\/index.php?rest_route=\/wp\/v2\/users\/2"}],"replies":[{"embeddable":true,"href":"https:\/\/formalprision.com\/index.php?rest_route=%2Fwp%2Fv2%2Fcomments&post=136566"}],"version-history":[{"count":1,"href":"https:\/\/formalprision.com\/index.php?rest_route=\/wp\/v2\/posts\/136566\/revisions"}],"predecessor-version":[{"id":136567,"href":"https:\/\/formalprision.com\/index.php?rest_route=\/wp\/v2\/posts\/136566\/revisions\/136567"}],"wp:featuredmedia":[{"embeddable":true,"href":"https:\/\/formalprision.com\/index.php?rest_route=\/wp\/v2\/media\/136568"}],"wp:attachment":[{"href":"https:\/\/formalprision.com\/index.php?rest_route=%2Fwp%2Fv2%2Fmedia&parent=136566"}],"wp:term":[{"taxonomy":"category","embeddable":true,"href":"https:\/\/formalprision.com\/index.php?rest_route=%2Fwp%2Fv2%2Fcategories&post=136566"},{"taxonomy":"post_tag","embeddable":true,"href":"https:\/\/formalprision.com\/index.php?rest_route=%2Fwp%2Fv2%2Ftags&post=136566"}],"curies":[{"name":"wp","href":"https:\/\/api.w.org\/{rel}","templated":true}]}}