{"id":136578,"date":"2025-11-28T16:10:26","date_gmt":"2025-11-28T21:10:26","guid":{"rendered":"https:\/\/formalprision.com\/?p=136578"},"modified":"2025-11-28T23:21:45","modified_gmt":"2025-11-29T04:21:45","slug":"cann-en-yucatan-extorsionadores-que-incendiaban-casas-de-sus-victimas-en-veracruz","status":"publish","type":"post","link":"https:\/\/formalprision.com\/?p=136578","title":{"rendered":"Caen en Yucat\u00e1n extorsionadores que incendiaban casas de sus v\u00edctimas en Veracruz"},"content":{"rendered":"\n<p>Un hombre y una mujer imputados por el delito de extorsi\u00f3n agravada en el estado de Veracruz, fueron capturados anteayer en Yucat\u00e1n durante una acci\u00f3n coordinada entre las fiscal\u00edas de ambas entidades y la Polic\u00eda Estatal de Investigaci\u00f3n (PEI) de la Secretar\u00eda de Seguridad P\u00fablica (SSP), con apoyo de fuerzas federales<\/p>\n\n\n\n<p>Las autoridades veracruzanas los se\u00f1alan como miembros de una c\u00e9lula delictiva que opera en el sur de ese estado.<\/p>\n\n\n\n<p>Detallan que presionar a sus v\u00edctimas incendiaban las puertas de sus casas y negocios.<\/p>\n\n\n\n<p>Los detenidos en Yucat\u00e1n son Alejandro \u201cN\u201d, presunto l\u00edder de la banda criminal, y Sara Mar\u00eda \u201cN\u201d. Un tercer sujeto, Jos\u00e9 Ren\u00e9 \u201cN\u201d fue capturado en Coatzacoalcos, Veracruz.<\/p>\n\n\n\n<p>Fue mediante diversas acciones coordinadas de investigaci\u00f3n y operativas, que los agentes de Veracruz y Yucat\u00e1n dieron con el paradero de esas personas.<\/p>\n\n\n\n<p>Alejandro \u201cN\u201d y Sara Mar\u00eda \u201cN\u201d fueron trasladados a Minatitl\u00e1n para ser presentados ante el Juez de Control que libr\u00f3 las \u00f3rdenes de aprehensi\u00f3n.<\/p>\n\n\n\n<p>Se les impuso la medida cautelar de prisi\u00f3n preventiva oficiosa, lo mismo que a Jos\u00e9 Ren\u00e9 \u201cN\u201d.<\/p>\n","protected":false},"excerpt":{"rendered":"<p>Un hombre y una mujer imputados por el delito de extorsi\u00f3n agravada en el estado de Veracruz, fueron capturados anteayer en Yucat\u00e1n durante una acci\u00f3n coordinada entre las fiscal\u00edas de<\/p>\n","protected":false},"author":1,"featured_media":136579,"comment_status":"open","ping_status":"open","sticky":false,"template":"","format":"standard","meta":{"jetpack_post_was_ever_published":false,"_jetpack_newsletter_access":"","_jetpack_dont_email_post_to_subs":false,"_jetpack_newsletter_tier_id":0,"_jetpack_memberships_contains_paywalled_content":false,"_jetpack_memberships_contains_paid_content":false,"footnotes":"","jetpack_publicize_message":"","jetpack_publicize_feature_enabled":true,"jetpack_social_post_already_shared":true,"jetpack_social_options":{"image_generator_settings":{"template":"highway","default_image_id":0,"font":"","enabled":false},"version":2}},"categories":[54],"tags":[],"class_list":["post-136578","post","type-post","status-publish","format-standard","has-post-thumbnail","hentry","category-yucatan"],"jetpack_publicize_connections":[],"jetpack_featured_media_url":"https:\/\/formalprision.com\/wp-content\/uploads\/2025\/11\/IMG-20251128-WA0089.jpg","jetpack_sharing_enabled":true,"jetpack_shortlink":"https:\/\/wp.me\/p6id8p-zwS","_links":{"self":[{"href":"https:\/\/formalprision.com\/index.php?rest_route=\/wp\/v2\/posts\/136578","targetHints":{"allow":["GET"]}}],"collection":[{"href":"https:\/\/formalprision.com\/index.php?rest_route=\/wp\/v2\/posts"}],"about":[{"href":"https:\/\/formalprision.com\/index.php?rest_route=\/wp\/v2\/types\/post"}],"author":[{"embeddable":true,"href":"https:\/\/formalprision.com\/index.php?rest_route=\/wp\/v2\/users\/1"}],"replies":[{"embeddable":true,"href":"https:\/\/formalprision.com\/index.php?rest_route=%2Fwp%2Fv2%2Fcomments&post=136578"}],"version-history":[{"count":2,"href":"https:\/\/formalprision.com\/index.php?rest_route=\/wp\/v2\/posts\/136578\/revisions"}],"predecessor-version":[{"id":136589,"href":"https:\/\/formalprision.com\/index.php?rest_route=\/wp\/v2\/posts\/136578\/revisions\/136589"}],"wp:featuredmedia":[{"embeddable":true,"href":"https:\/\/formalprision.com\/index.php?rest_route=\/wp\/v2\/media\/136579"}],"wp:attachment":[{"href":"https:\/\/formalprision.com\/index.php?rest_route=%2Fwp%2Fv2%2Fmedia&parent=136578"}],"wp:term":[{"taxonomy":"category","embeddable":true,"href":"https:\/\/formalprision.com\/index.php?rest_route=%2Fwp%2Fv2%2Fcategories&post=136578"},{"taxonomy":"post_tag","embeddable":true,"href":"https:\/\/formalprision.com\/index.php?rest_route=%2Fwp%2Fv2%2Ftags&post=136578"}],"curies":[{"name":"wp","href":"https:\/\/api.w.org\/{rel}","templated":true}]}}