{"id":136581,"date":"2025-11-28T19:26:42","date_gmt":"2025-11-29T00:26:42","guid":{"rendered":"https:\/\/formalprision.com\/?p=136581"},"modified":"2025-11-28T22:00:53","modified_gmt":"2025-11-29T03:00:53","slug":"combatir-la-pobreza-en-merida-es-mi-compromiso-cotidiano-cecilia-patron","status":"publish","type":"post","link":"https:\/\/formalprision.com\/?p=136581","title":{"rendered":"Combatir la pobreza en M\u00e9rida es mi compromiso cotidiano: Cecilia Patr\u00f3n"},"content":{"rendered":"\n<p>M\u00c9RIDA, Yucat\u00e1n.- Atendiendo el compromiso de disminuir la pobreza extrema en M\u00e9rida, mejorar la calidad de vida y fortalecer el bienestar de las familias m\u00e1s vulnerables, la presidenta municipal Cecilia Patr\u00f3n Laviada entreg\u00f3 apoyos a personas en situaci\u00f3n de autoempleo.<\/p>\n\n\n\n<p>\u00abQueremos que M\u00e9rida sea una ciudad de oportunidades para todos, por eso el Ayuntamiento trabaja todos los d\u00edas con convicci\u00f3n en impulsar con justicia social la econom\u00eda de las familias, propiciando el crecimiento justo y equitativo de la ciudad\u00bb, dijo la alcaldesa desde la colonia Emiliano Zapata Sur II.<\/p>\n\n\n\n<p>Acompa\u00f1ada de Arturo Le\u00f3n Itz\u00e1, director de Desarrollo Social y Combate a la Pobreza, la alcaldesa se\u00f1al\u00f3 que durante 2025 se han entregado apoyos en beneficio de m\u00e1s de 7 mil personas en situaci\u00f3n de pobreza, lo que refleja el compromiso del Ayuntamiento de M\u00e9rida con la inclusi\u00f3n y el bienestar social.<\/p>\n\n\n\n<p>En esta ocasi\u00f3n se entregaron un bastidor, cuatro m\u00e1quinas de coser, 72 l\u00e1minas de zinc y 16 triciclos.<\/p>\n\n\n\n<p>\u00abLa prosperidad y la calidad de vida son derechos de todas y todos los que vivimos en M\u00e9rida, y as\u00ed lo asumimos desde nuestro gobierno municipal\u00bb, agreg\u00f3 la alcaldesa. \u00abComo autoridades cercanas y sensibles, trabajamos para proporcionarles cada vez mejores condiciones para su desarrollo, porque todos y todas merecemos oportunidades de progreso\u00bb.<\/p>\n\n\n\n<p>La edil recalc\u00f3 que la entrega de estos apoyos es un paso m\u00e1s en el camino hacia la construcci\u00f3n de una ciudad m\u00e1s justa y equitativa, donde todas las personas tengan acceso a oportunidades y recursos para mejorar su calidad de vida.<\/p>\n\n\n\n<p>\u00abNuestros programas de apoyo social nos destacan como un Ayuntamiento solidario, humano, que sabe que creciendo juntos con piso parejo, tenemos una M\u00e9rida fuerte donde el centro de nuestras acciones son los meridanos\u00bb, remarc\u00f3.<\/p>\n\n\n\n<p>Tambi\u00e9n, destac\u00f3 que el Ayuntamiento de M\u00e9rida sigue trabajando para escuchar y dialogar con la ciudadan\u00eda, y que estos apoyos son un ejemplo de su compromiso con la justicia social y el bienestar de las familias meridanas.<\/p>\n\n\n\n<p>\u00abCuentan con el compromiso del Ayuntamiento de permanecer cercanos a ustedes y que, corresponde al apoyo y la confianza que han depositado en nosotros\u00bb, concluy\u00f3 Cecilia.<\/p>\n\n\n\n<p>Estas acciones se enmarcan dentro del Eje Inclusi\u00f3n, Bienestar y Desarrollo Social del Plan Municipal de Desarrollo 2024-2027.<\/p>\n\n\n\n<p>Para mayores informes sobre los programas sociales, la ciudadan\u00eda puede acudir a las ventanillas de la Direcci\u00f3n de Desarrollo Social y Combate a la Pobreza, ubicadas en calle 65 n\u00famero 368 Int. x 40 y 42, Centro, o comunicarse a los tel\u00e9fonos 999 924 6900 y 999 924 6962, ext. 81750, de lunes a viernes de 8:00 a 15:00 horas.<\/p>\n","protected":false},"excerpt":{"rendered":"<p>M\u00c9RIDA, Yucat\u00e1n.- Atendiendo el compromiso de disminuir la pobreza extrema en M\u00e9rida, mejorar la calidad de vida y fortalecer el bienestar de las familias m\u00e1s vulnerables, la presidenta municipal Cecilia<\/p>\n","protected":false},"author":2,"featured_media":136584,"comment_status":"open","ping_status":"open","sticky":false,"template":"","format":"standard","meta":{"jetpack_post_was_ever_published":false,"_jetpack_newsletter_access":"","_jetpack_dont_email_post_to_subs":false,"_jetpack_newsletter_tier_id":0,"_jetpack_memberships_contains_paywalled_content":false,"_jetpack_memberships_contains_paid_content":false,"footnotes":"","jetpack_publicize_message":"","jetpack_publicize_feature_enabled":true,"jetpack_social_post_already_shared":true,"jetpack_social_options":{"image_generator_settings":{"template":"highway","default_image_id":0,"font":"","enabled":false},"version":2}},"categories":[54],"tags":[],"class_list":["post-136581","post","type-post","status-publish","format-standard","has-post-thumbnail","hentry","category-yucatan"],"jetpack_publicize_connections":[],"jetpack_featured_media_url":"https:\/\/formalprision.com\/wp-content\/uploads\/2025\/11\/WhatsApp-Image-2025-11-28-at-2.02.16-PM.jpeg","jetpack_sharing_enabled":true,"jetpack_shortlink":"https:\/\/wp.me\/p6id8p-zwV","_links":{"self":[{"href":"https:\/\/formalprision.com\/index.php?rest_route=\/wp\/v2\/posts\/136581","targetHints":{"allow":["GET"]}}],"collection":[{"href":"https:\/\/formalprision.com\/index.php?rest_route=\/wp\/v2\/posts"}],"about":[{"href":"https:\/\/formalprision.com\/index.php?rest_route=\/wp\/v2\/types\/post"}],"author":[{"embeddable":true,"href":"https:\/\/formalprision.com\/index.php?rest_route=\/wp\/v2\/users\/2"}],"replies":[{"embeddable":true,"href":"https:\/\/formalprision.com\/index.php?rest_route=%2Fwp%2Fv2%2Fcomments&post=136581"}],"version-history":[{"count":1,"href":"https:\/\/formalprision.com\/index.php?rest_route=\/wp\/v2\/posts\/136581\/revisions"}],"predecessor-version":[{"id":136582,"href":"https:\/\/formalprision.com\/index.php?rest_route=\/wp\/v2\/posts\/136581\/revisions\/136582"}],"wp:featuredmedia":[{"embeddable":true,"href":"https:\/\/formalprision.com\/index.php?rest_route=\/wp\/v2\/media\/136584"}],"wp:attachment":[{"href":"https:\/\/formalprision.com\/index.php?rest_route=%2Fwp%2Fv2%2Fmedia&parent=136581"}],"wp:term":[{"taxonomy":"category","embeddable":true,"href":"https:\/\/formalprision.com\/index.php?rest_route=%2Fwp%2Fv2%2Fcategories&post=136581"},{"taxonomy":"post_tag","embeddable":true,"href":"https:\/\/formalprision.com\/index.php?rest_route=%2Fwp%2Fv2%2Ftags&post=136581"}],"curies":[{"name":"wp","href":"https:\/\/api.w.org\/{rel}","templated":true}]}}