{"id":136585,"date":"2025-11-28T20:57:13","date_gmt":"2025-11-29T01:57:13","guid":{"rendered":"https:\/\/formalprision.com\/?p=136585"},"modified":"2025-11-30T00:33:21","modified_gmt":"2025-11-30T05:33:21","slug":"el-ayuntamiento-de-merida-pone-en-marcha-la-semana-de-la-solidaridad-2025","status":"publish","type":"post","link":"https:\/\/formalprision.com\/?p=136585","title":{"rendered":"El Ayuntamiento de M\u00e9rida pone en marcha la Semana de la Solidaridad 2025"},"content":{"rendered":"\n<p>M\u00c9RIDA, Yucat\u00e1n.- La Semana de la Solidaridad 2025 inici\u00f3 con gran entusiasmo y con una participaci\u00f3n de m\u00e1s de 50 ciudadanos y ciudadanas que reafirman el esp\u00edritu solidario que tanto distingue a M\u00e9rida.<\/p>\n\n\n\n<p>La primera jornada se llev\u00f3 a cabo en el Parque Viernes Santo, donde vecinos, vecinas, y empresas como el Casino Golden, se sumaron a labores de limpieza y pintura para revitalizar el espacio.<\/p>\n\n\n\n<p>Entre risas, trabajo en equipo y manos a la obra, las \u00e1reas verdes quedaron \u201cchulas\u201d, expresaron con orgullo quienes participaron.<\/p>\n\n\n\n<p>El Ayuntamiento de M\u00e9rida, a trav\u00e9s de la Secretar\u00eda de Participaci\u00f3n y Atenci\u00f3n Ciudadana, articula acciones concretas y teje redes de apoyo entre habitantes, organizaciones e instituciones mediante la red ciudadana M\u00e9rida Nos Une. El secretario de Participaci\u00f3n y Atenci\u00f3n Ciudadana, Carlos Carrillo Paredes, destac\u00f3 la importancia de este arranque.<\/p>\n\n\n\n<p>\u201cNuestra alcaldesa, Cecilia Patr\u00f3n, nos ha pedido seguir fortaleciendo la participaci\u00f3n ciudadana y crear espacios donde la solidaridad sea parte de la vida cotidiana.<\/p>\n\n\n\n<p>Esta Semana de la Solidaridad es un reflejo de esa visi\u00f3n: una M\u00e9rida donde la gente se une, aporta y transforma. Cada acci\u00f3n, por peque\u00f1a que parezca, suma a la construcci\u00f3n de una ciudad m\u00e1s humana\u201d.<\/p>\n\n\n\n<p>Durante los pr\u00f3ximos d\u00edas continuar\u00e1n las actividades abiertas para quienes deseen sumarse. La Recolecci\u00f3n Navide\u00f1a de Donativos permanecer\u00e1 activa hasta el 5 de diciembre en el Centro de Acopio Permanente de la Secretar\u00eda, donde se reciben juguetes no b\u00e9licos, su\u00e9teres, cobertores y art\u00edculos de primera necesidad.<\/p>\n\n\n\n<p>Asimismo, este s\u00e1bado 29 de noviembre se realizar\u00e1 una nueva jornada de voluntariado comunitario en el Parque San Luis Sur, en Dzununc\u00e1n, enfocada nuevamente en acciones de mejora y embellecimiento del entorno.<\/p>\n\n\n\n<p>La Semana de la Solidaridad concluir\u00e1 el 5 de diciembre, en el marco del D\u00eda Internacional del Voluntariado, con un evento de reconocimiento a quienes han aportado tiempo, talento o recursos durante estas jornadas. Ser\u00e1 un acto de agradecimiento colectivo a las voluntarias, voluntarios, empresas y organizaciones que hacen posible que M\u00e9rida avance a trav\u00e9s de la participaci\u00f3n.<\/p>\n\n\n\n<p>La Secretar\u00eda invita a la ciudadan\u00eda a sumarse con cualquier gesto, desde una hora de voluntariado hasta un peque\u00f1o donativo, todo contribuye a transformar realidades y fortalecer la cultura del apoyo mutuo.<\/p>\n\n\n\n<p>M\u00e9rida avanza cuando su gente participa, y esta semana es un ejemplo tangible de ello.<\/p>\n\n\n\n<p>Carrillo Paredes subray\u00f3 que estas actividades representan el coraz\u00f3n de M\u00e9rida Nos Une, plataforma que durante cinco a\u00f1os ha conectado voluntades, apoyado causas y articulado redes de apoyo entre ciudadan\u00eda, empresas, organizaciones civiles y universidades.<\/p>\n\n\n\n<p>\u201cCuando nos reunimos para trabajar por el bien com\u00fan, la ciudad cambia, pero tambi\u00e9n cambia cada persona que participa\u201d, agreg\u00f3.<\/p>\n\n\n\n<p>El programa M\u00e9rida Nos Une, considerado el motor del voluntariado en la ciudad, naci\u00f3 en los meses m\u00e1s complejos de la pandemia por COVID-19. Lo que inici\u00f3 como una respuesta de emergencia para canalizar la ayuda ciudadana, evolucion\u00f3 hasta convertirse en un movimiento social permanente que este a\u00f1o cumpli\u00f3 cinco a\u00f1os de labor ininterrumpida, movilizando a miles de personas, empresas, universidades y colectivos.<\/p>\n\n\n\n<p>Para m\u00e1s informaci\u00f3n sobre c\u00f3mo integrarse, donar o participar en las actividades, la ciudadan\u00eda puede acudir a la Secretar\u00eda de Participaci\u00f3n y Atenci\u00f3n Ciudadana, ubicada en la calle 23 n\u00famero 500 entre 38 y 40, colonia Jes\u00fas Carranza, en un horario de 8:00 a.m. a 3:00 p.m.; comunicarse al 999 942 0000, extensi\u00f3n 80325; visitar merida.gob.mx\/meridanosune o sumarse a la conversaci\u00f3n en redes sociales con el hashtag #YoParticipoXM\u00e9rida.<\/p>\n","protected":false},"excerpt":{"rendered":"<p>M\u00c9RIDA, Yucat\u00e1n.- La Semana de la Solidaridad 2025 inici\u00f3 con gran entusiasmo y con una participaci\u00f3n de m\u00e1s de 50 ciudadanos y ciudadanas que reafirman el esp\u00edritu solidario que tanto<\/p>\n","protected":false},"author":2,"featured_media":136587,"comment_status":"open","ping_status":"open","sticky":false,"template":"","format":"standard","meta":{"jetpack_post_was_ever_published":false,"_jetpack_newsletter_access":"","_jetpack_dont_email_post_to_subs":false,"_jetpack_newsletter_tier_id":0,"_jetpack_memberships_contains_paywalled_content":false,"_jetpack_memberships_contains_paid_content":false,"footnotes":"","jetpack_publicize_message":"","jetpack_publicize_feature_enabled":true,"jetpack_social_post_already_shared":true,"jetpack_social_options":{"image_generator_settings":{"template":"highway","default_image_id":0,"font":"","enabled":false},"version":2}},"categories":[14],"tags":[],"class_list":["post-136585","post","type-post","status-publish","format-standard","has-post-thumbnail","hentry","category-merida"],"jetpack_publicize_connections":[],"jetpack_featured_media_url":"https:\/\/formalprision.com\/wp-content\/uploads\/2025\/11\/WhatsApp-Image-2025-11-28-at-3.00.51-PM.jpeg","jetpack_sharing_enabled":true,"jetpack_shortlink":"https:\/\/wp.me\/p6id8p-zwZ","_links":{"self":[{"href":"https:\/\/formalprision.com\/index.php?rest_route=\/wp\/v2\/posts\/136585","targetHints":{"allow":["GET"]}}],"collection":[{"href":"https:\/\/formalprision.com\/index.php?rest_route=\/wp\/v2\/posts"}],"about":[{"href":"https:\/\/formalprision.com\/index.php?rest_route=\/wp\/v2\/types\/post"}],"author":[{"embeddable":true,"href":"https:\/\/formalprision.com\/index.php?rest_route=\/wp\/v2\/users\/2"}],"replies":[{"embeddable":true,"href":"https:\/\/formalprision.com\/index.php?rest_route=%2Fwp%2Fv2%2Fcomments&post=136585"}],"version-history":[{"count":2,"href":"https:\/\/formalprision.com\/index.php?rest_route=\/wp\/v2\/posts\/136585\/revisions"}],"predecessor-version":[{"id":136588,"href":"https:\/\/formalprision.com\/index.php?rest_route=\/wp\/v2\/posts\/136585\/revisions\/136588"}],"wp:featuredmedia":[{"embeddable":true,"href":"https:\/\/formalprision.com\/index.php?rest_route=\/wp\/v2\/media\/136587"}],"wp:attachment":[{"href":"https:\/\/formalprision.com\/index.php?rest_route=%2Fwp%2Fv2%2Fmedia&parent=136585"}],"wp:term":[{"taxonomy":"category","embeddable":true,"href":"https:\/\/formalprision.com\/index.php?rest_route=%2Fwp%2Fv2%2Fcategories&post=136585"},{"taxonomy":"post_tag","embeddable":true,"href":"https:\/\/formalprision.com\/index.php?rest_route=%2Fwp%2Fv2%2Ftags&post=136585"}],"curies":[{"name":"wp","href":"https:\/\/api.w.org\/{rel}","templated":true}]}}