{"id":136611,"date":"2025-11-29T19:17:28","date_gmt":"2025-11-30T00:17:28","guid":{"rendered":"https:\/\/formalprision.com\/?p=136611"},"modified":"2025-11-30T20:06:09","modified_gmt":"2025-12-01T01:06:09","slug":"el-ayuntamiento-aprueba-medidas-estrategicas-para-la-proteccion-integral-de-ninos-y-adolescentes","status":"publish","type":"post","link":"https:\/\/formalprision.com\/?p=136611","title":{"rendered":"El Ayuntamiento aprueba medidas estrat\u00e9gicas para la protecci\u00f3n integral de ni\u00f1os y adolescentes"},"content":{"rendered":"\n<p>M\u00c9RIDA, Yucat\u00e1n.- El Sistema de Protecci\u00f3n Integral de Ni\u00f1as, Ni\u00f1os y Adolescentes del Municipio de M\u00e9rida (SIPINNA) realiz\u00f3 su Segunda Sesi\u00f3n Ordinaria, en la que se aprobaron acciones clave orientadas a consolidar la coordinaci\u00f3n institucional y fortalecer los mecanismos de garant\u00eda, protecci\u00f3n y restituci\u00f3n de derechos de la ni\u00f1ez y adolescencia en la ciudad.<\/p>\n\n\n\n<p>Al encabezar la sesi\u00f3n en representaci\u00f3n de la alcaldesa Cecilia Patr\u00f3n, Flora Zapata Mendiolea, coordinadora General de Justicia Social y Desarrollo Humano, destac\u00f3 que el Ayuntamiento de M\u00e9rida mantiene un compromiso claro y firme con las causas de la ni\u00f1ez, impulsando pol\u00edticas, programas y acciones que ponen al centro el bienestar de ni\u00f1as, ni\u00f1os y adolescentes.<\/p>\n\n\n\n<p>Afirm\u00f3 que este trabajo requiere sensibilidad, coordinaci\u00f3n interinstitucional y respuestas oportunas: \u201cCuando las instituciones avanzan unidas, garantizamos que ninguna ni\u00f1a y ning\u00fan ni\u00f1o quede sin acompa\u00f1amiento. Ese es el compromiso de esta administraci\u00f3n\u201d.<\/p>\n\n\n\n<p>Durante la sesi\u00f3n, el secretario Ejecutivo del SIPINNA M\u00e9rida, Hugo Andr\u00e9s P\u00e9rez Polanco, present\u00f3 los proyectos estrat\u00e9gicos sometidos a consideraci\u00f3n del pleno, entre ellos la colaboraci\u00f3n con Fundaci\u00f3n FEMSA y Placemaking M\u00e9xico para el impulso del proyecto \u201cLugares Amigables para la Primera Infancia (LAPIS+)\u201d. Esta iniciativa contempla la instalaci\u00f3n de un espacio especializado para el desarrollo temprano, ubicado a un costado del Centro de Desarrollo Familiar Construyendo Familias El Roble. En los pr\u00f3ximos d\u00edas se realizar\u00e1 un taller participativo con ni\u00f1as, ni\u00f1os y personas cuidadoras para definir necesidades y alcances del dise\u00f1o final.<\/p>\n\n\n\n<p>Asimismo, P\u00e9rez Polanco expuso el proyecto de modificaci\u00f3n del Protocolo de Actuaci\u00f3n del Ayuntamiento de M\u00e9rida para la detecci\u00f3n de vulneraciones a derechos de ni\u00f1as, ni\u00f1os y adolescentes, el cual incorpora el Plan de Restituci\u00f3n de Derechos, un instrumento que permitir\u00e1 articular respuestas m\u00e1s claras e integrales para garantizar el acceso a bienes y servicios indispensables para su bienestar. Este fortalecimiento operativo ofrece mayor claridad en los procesos de intervenci\u00f3n y optimiza la labor de la Unidad Especializada de Primer Contacto, responsable de recibir reportes y atender situaciones de riesgo inminente.<\/p>\n\n\n\n<p>Tambi\u00e9n fueron aprobadas las modificaciones a los acuerdos de creaci\u00f3n e integraci\u00f3n de la Comisi\u00f3n de Primera Infancia y la Comisi\u00f3n para Poner Fin a Toda Forma de Violencia contra Ni\u00f1as, Ni\u00f1os y Adolescentes, con el objetivo de robustecer su estructura institucional y fortalecer la articulaci\u00f3n de sus planes de trabajo.<\/p>\n\n\n\n<p>Otro punto destacado fue la presentaci\u00f3n de la cl\u00e1usula de prohibici\u00f3n del trabajo infantil en las contrataciones del Ayuntamiento de M\u00e9rida, mediante la cual el municipio avanza en el combate a este fen\u00f3meno y reafirma su compromiso con la protecci\u00f3n de los derechos de ni\u00f1as, ni\u00f1os y adolescentes. La cl\u00e1usula establece que los proveedores deber\u00e1n abstenerse de emplear a menores de 15 a\u00f1os en cualquier actividad laboral y a menores de 18 a\u00f1os en trabajos peligrosos, conforme a la Ley Federal del Trabajo y a los convenios 138 y 182 de la Organizaci\u00f3n Internacional del Trabajo (OIT). Su incumplimiento ser\u00e1 considerado una falta grave y podr\u00e1 derivar en la rescisi\u00f3n contractual.<\/p>\n\n\n\n<p>Durante la sesi\u00f3n, ni\u00f1as y ni\u00f1os invitados compartieron las necesidades de sus colonias, subrayando la importancia de que sus opiniones sean escuchadas en los procesos de toma de decisiones. Integrantes del Sistema reconocieron adem\u00e1s la necesidad de seguir fortaleciendo las capacidades del personal de primera l\u00ednea para identificar oportunamente posibles vulneraciones de derechos.<\/p>\n\n\n\n<p>Finalmente, se record\u00f3 a la ciudadan\u00eda que el Ayuntamiento cuenta con la l\u00ednea de atenci\u00f3n de la Unidad Especializada de Primer Contacto: 99 01 01 65 68, disponible para recibir reportes y brindar orientaci\u00f3n ante cualquier situaci\u00f3n que ponga en riesgo los derechos de ni\u00f1as, ni\u00f1os y adolescentes.<\/p>\n","protected":false},"excerpt":{"rendered":"<p>M\u00c9RIDA, Yucat\u00e1n.- El Sistema de Protecci\u00f3n Integral de Ni\u00f1as, Ni\u00f1os y Adolescentes del Municipio de M\u00e9rida (SIPINNA) realiz\u00f3 su Segunda Sesi\u00f3n Ordinaria, en la que se aprobaron acciones clave orientadas<\/p>\n","protected":false},"author":2,"featured_media":136615,"comment_status":"open","ping_status":"open","sticky":false,"template":"","format":"standard","meta":{"jetpack_post_was_ever_published":false,"_jetpack_newsletter_access":"","_jetpack_dont_email_post_to_subs":false,"_jetpack_newsletter_tier_id":0,"_jetpack_memberships_contains_paywalled_content":false,"_jetpack_memberships_contains_paid_content":false,"footnotes":"","jetpack_publicize_message":"","jetpack_publicize_feature_enabled":true,"jetpack_social_post_already_shared":true,"jetpack_social_options":{"image_generator_settings":{"template":"highway","default_image_id":0,"font":"","enabled":false},"version":2}},"categories":[14],"tags":[],"class_list":["post-136611","post","type-post","status-publish","format-standard","has-post-thumbnail","hentry","category-merida"],"jetpack_publicize_connections":[],"jetpack_featured_media_url":"https:\/\/formalprision.com\/wp-content\/uploads\/2025\/11\/WhatsApp-Image-2025-11-29-at-5.51.43-PM.jpeg","jetpack_sharing_enabled":true,"jetpack_shortlink":"https:\/\/wp.me\/p6id8p-zxp","_links":{"self":[{"href":"https:\/\/formalprision.com\/index.php?rest_route=\/wp\/v2\/posts\/136611","targetHints":{"allow":["GET"]}}],"collection":[{"href":"https:\/\/formalprision.com\/index.php?rest_route=\/wp\/v2\/posts"}],"about":[{"href":"https:\/\/formalprision.com\/index.php?rest_route=\/wp\/v2\/types\/post"}],"author":[{"embeddable":true,"href":"https:\/\/formalprision.com\/index.php?rest_route=\/wp\/v2\/users\/2"}],"replies":[{"embeddable":true,"href":"https:\/\/formalprision.com\/index.php?rest_route=%2Fwp%2Fv2%2Fcomments&post=136611"}],"version-history":[{"count":1,"href":"https:\/\/formalprision.com\/index.php?rest_route=\/wp\/v2\/posts\/136611\/revisions"}],"predecessor-version":[{"id":136613,"href":"https:\/\/formalprision.com\/index.php?rest_route=\/wp\/v2\/posts\/136611\/revisions\/136613"}],"wp:featuredmedia":[{"embeddable":true,"href":"https:\/\/formalprision.com\/index.php?rest_route=\/wp\/v2\/media\/136615"}],"wp:attachment":[{"href":"https:\/\/formalprision.com\/index.php?rest_route=%2Fwp%2Fv2%2Fmedia&parent=136611"}],"wp:term":[{"taxonomy":"category","embeddable":true,"href":"https:\/\/formalprision.com\/index.php?rest_route=%2Fwp%2Fv2%2Fcategories&post=136611"},{"taxonomy":"post_tag","embeddable":true,"href":"https:\/\/formalprision.com\/index.php?rest_route=%2Fwp%2Fv2%2Ftags&post=136611"}],"curies":[{"name":"wp","href":"https:\/\/api.w.org\/{rel}","templated":true}]}}