{"id":136632,"date":"2025-11-30T15:59:25","date_gmt":"2025-11-30T20:59:25","guid":{"rendered":"https:\/\/formalprision.com\/?p=136632"},"modified":"2025-12-01T00:07:51","modified_gmt":"2025-12-01T05:07:51","slug":"fortalecen-cooperativas-yucatecas-mediante-programa-de-profesionalizacion","status":"publish","type":"post","link":"https:\/\/formalprision.com\/?p=136632","title":{"rendered":"Fortalecen cooperativas yucatecas mediante programa de profesionalizaci\u00f3n\u00a0"},"content":{"rendered":"\n<p>&nbsp;M\u00e9rida, Yucat\u00e1n, a 30 de noviembre de 2025-El gobernador Joaqu\u00edn D\u00edaz Mena&nbsp;presidi\u00f3&nbsp;la clausura de la primera edici\u00f3n del programa de Profesionalizaci\u00f3n de Cooperativas, el cual brind\u00f3 preparaci\u00f3n, acompa\u00f1amiento t\u00e9cnico y herramientas a 29 de estas agrupaciones para promover su autonom\u00eda econ\u00f3mica y consolidar su desarrollo productivo y social.<br>&nbsp;<br>En la ceremonia, el mandatario estatal entreg\u00f3 a representantes de las cooperativas sus constancias de participaci\u00f3n, as\u00ed como un kit conformado por una laptop y una terminal de Mercado Pago, con la finalidad de apoyarlos&nbsp;en&nbsp;mejorar su gesti\u00f3n administrativa, modernizar sus operaciones comerciales y tener mayor claridad en sus procesos financiero.<br>&nbsp;<br>En ese sentido, refrend\u00f3 su compromiso de seguir apoyando a las cooperativas con acompa\u00f1amiento y en la b\u00fasqueda de financiamiento para que puedan crecer.&nbsp; Como muestra, varias&nbsp;de ellas tuvieron la oportunidad de participar en la feria Xmatkuil 2025, donde mostraron sus productos y se conectaron con nuevos clientes y distribuidores.<br>&nbsp;<\/p>\n\n\n\n<p>Del 3 al 6 de noviembre, se realizaron jornadas de capacitaci\u00f3n en los municipios de M\u00e9rida, Tizim\u00edn, Tekax, Celest\u00fan, Izamal y Sinanch\u00e9, donde los integrantes de las cooperativas participaron en sesiones formativas sobre liderazgo cooperativo, emprendimiento social, estrategias de mercado local, as\u00ed como igualdad de g\u00e9nero y participaci\u00f3n comunitaria, brind\u00e1ndoles herramientas para mejorar su organizaci\u00f3n interna y su posicionamiento productivo.<br>&nbsp;<\/p>\n","protected":false},"excerpt":{"rendered":"<p>&nbsp;M\u00e9rida, Yucat\u00e1n, a 30 de noviembre de 2025-El gobernador Joaqu\u00edn D\u00edaz Mena&nbsp;presidi\u00f3&nbsp;la clausura de la primera edici\u00f3n del programa de Profesionalizaci\u00f3n de Cooperativas, el cual brind\u00f3 preparaci\u00f3n, acompa\u00f1amiento t\u00e9cnico y<\/p>\n","protected":false},"author":1,"featured_media":136633,"comment_status":"open","ping_status":"open","sticky":false,"template":"","format":"standard","meta":{"jetpack_post_was_ever_published":false,"_jetpack_newsletter_access":"","_jetpack_dont_email_post_to_subs":false,"_jetpack_newsletter_tier_id":0,"_jetpack_memberships_contains_paywalled_content":false,"_jetpack_memberships_contains_paid_content":false,"footnotes":"","jetpack_publicize_message":"","jetpack_publicize_feature_enabled":true,"jetpack_social_post_already_shared":true,"jetpack_social_options":{"image_generator_settings":{"template":"highway","default_image_id":0,"font":"","enabled":false},"version":2}},"categories":[54],"tags":[],"class_list":["post-136632","post","type-post","status-publish","format-standard","has-post-thumbnail","hentry","category-yucatan"],"jetpack_publicize_connections":[],"jetpack_featured_media_url":"https:\/\/formalprision.com\/wp-content\/uploads\/2025\/11\/IMG-20251130-WA0051.jpg","jetpack_sharing_enabled":true,"jetpack_shortlink":"https:\/\/wp.me\/p6id8p-zxK","_links":{"self":[{"href":"https:\/\/formalprision.com\/index.php?rest_route=\/wp\/v2\/posts\/136632","targetHints":{"allow":["GET"]}}],"collection":[{"href":"https:\/\/formalprision.com\/index.php?rest_route=\/wp\/v2\/posts"}],"about":[{"href":"https:\/\/formalprision.com\/index.php?rest_route=\/wp\/v2\/types\/post"}],"author":[{"embeddable":true,"href":"https:\/\/formalprision.com\/index.php?rest_route=\/wp\/v2\/users\/1"}],"replies":[{"embeddable":true,"href":"https:\/\/formalprision.com\/index.php?rest_route=%2Fwp%2Fv2%2Fcomments&post=136632"}],"version-history":[{"count":1,"href":"https:\/\/formalprision.com\/index.php?rest_route=\/wp\/v2\/posts\/136632\/revisions"}],"predecessor-version":[{"id":136634,"href":"https:\/\/formalprision.com\/index.php?rest_route=\/wp\/v2\/posts\/136632\/revisions\/136634"}],"wp:featuredmedia":[{"embeddable":true,"href":"https:\/\/formalprision.com\/index.php?rest_route=\/wp\/v2\/media\/136633"}],"wp:attachment":[{"href":"https:\/\/formalprision.com\/index.php?rest_route=%2Fwp%2Fv2%2Fmedia&parent=136632"}],"wp:term":[{"taxonomy":"category","embeddable":true,"href":"https:\/\/formalprision.com\/index.php?rest_route=%2Fwp%2Fv2%2Fcategories&post=136632"},{"taxonomy":"post_tag","embeddable":true,"href":"https:\/\/formalprision.com\/index.php?rest_route=%2Fwp%2Fv2%2Ftags&post=136632"}],"curies":[{"name":"wp","href":"https:\/\/api.w.org\/{rel}","templated":true}]}}