{"id":136641,"date":"2025-11-30T19:55:43","date_gmt":"2025-12-01T00:55:43","guid":{"rendered":"https:\/\/formalprision.com\/?p=136641"},"modified":"2025-12-01T23:42:16","modified_gmt":"2025-12-02T04:42:16","slug":"joaquin-guzman-lopez-hijo-del-chapo-se-declarara-culpable-de-narcotrafico-en-estados-unidos","status":"publish","type":"post","link":"https:\/\/formalprision.com\/?p=136641","title":{"rendered":"Joaqu\u00edn Guzm\u00e1n L\u00f3pez, hijo del Chapo, se declarar\u00e1 culpable de narcotr\u00e1fico en Estados Unidos"},"content":{"rendered":"\n<p>El narcotraficante Joaqu\u00edn Guzm\u00e1n L\u00f3pez, alias El G\u00fcero, uno de los hijos del capo Joaqu\u00edn \u2018El Chapo\u2019 Guzm\u00e1n, acept\u00f3 declararse culpable de al menos un cargo relacionado con tr\u00e1fico de drogas el pr\u00f3ximo lunes ante una Corte de Distrito para el Norte de Illinois, en la ciudad de Chicago, indicaron este viernes medios mexicanos.<\/p>\n\n\n\n<p>En esa misma Corte, su hermano Ovidio tom\u00f3 una decisi\u00f3n similar en julio pasado. Joaqu\u00edn Guzm\u00e1n L\u00f3pez enfrenta, entre otros, cargos por narcotr\u00e1fico, crimen organizado y posesi\u00f3n de armas de fuego.<\/p>\n\n\n\n<p>En la minuta, la Corte precis\u00f3 que la audiencia programada para el pr\u00f3ximo lunes 1 de diciembre tiene como hora fijada las 13:30 horas y ser\u00e1 para que Guzm\u00e1n L\u00f3pez cambie su declaraci\u00f3n inicial de no culpabilidad.<\/p>\n\n\n\n<p>El aviso a la Corte se produjo durante el fin de semana largo por el D\u00eda de Acci\u00f3n de Gracias en Estados Unidos, cuando pr\u00e1cticamente no hay actividad oficial.<\/p>\n\n\n\n<p>El pasado 10 de noviembre se anunci\u00f3 que la audiencia Guzm\u00e1n L\u00f3pez, l\u00edder de Los Chapitos e hijo de Joaqu\u00edn \u2018El Chapo\u2019 Guzm\u00e1n, fue aplazada del 13 de noviembre al 1 de diciembre.<\/p>\n\n\n\n<p>La juez que supervisa el caso, Sharon Johnson Coleman, indic\u00f3 en un documento publicado ese d\u00eda que vuelve a posponer la vista para Guzm\u00e1n, que habr\u00eda tenido lugar el jueves 13 de noviembre en un tribunal federal de Chicago.<\/p>\n\n\n\n<p>Esta es la tercera vez que se pospone esta audiencia, que ya se aplaz\u00f3 del 15 de julio al 15 de septiembre y del 15 de septiembre al 13 de noviembre.<\/p>\n\n\n\n<p>El pasado julio, Ovidio Guzm\u00e1n L\u00f3pez, otro de los hijos de El Chapo y hermano de Joaqu\u00edn, se declar\u00f3 culpable de cuatro cargos relacionados con el narcotr\u00e1fico ante un tribunal de Chicago como parte de un acuerdo con las autoridades estadounidenses, cuyos t\u00e9rminos no fueron divulgados.<\/p>\n\n\n\n<p>Del mismo modo, en agosto el narcotraficante mexicano Ismael \u2018El Mayo\u2019 Zambada, cofundador y l\u00edder hist\u00f3rico del Cartel de Sinaloa, se declar\u00f3 formalmente culpable de dos cargos de narcotr\u00e1fico, lavado de dinero y uso de armas que pesaban en su contra en un tribunal federal de Nueva York.<\/p>\n","protected":false},"excerpt":{"rendered":"<p>El narcotraficante Joaqu\u00edn Guzm\u00e1n L\u00f3pez, alias El G\u00fcero, uno de los hijos del capo Joaqu\u00edn \u2018El Chapo\u2019 Guzm\u00e1n, acept\u00f3 declararse culpable de al menos un cargo relacionado con tr\u00e1fico de<\/p>\n","protected":false},"author":2,"featured_media":136643,"comment_status":"open","ping_status":"open","sticky":false,"template":"","format":"standard","meta":{"jetpack_post_was_ever_published":false,"_jetpack_newsletter_access":"","_jetpack_dont_email_post_to_subs":false,"_jetpack_newsletter_tier_id":0,"_jetpack_memberships_contains_paywalled_content":false,"_jetpack_memberships_contains_paid_content":false,"footnotes":"","jetpack_publicize_message":"","jetpack_publicize_feature_enabled":true,"jetpack_social_post_already_shared":true,"jetpack_social_options":{"image_generator_settings":{"template":"highway","default_image_id":0,"font":"","enabled":false},"version":2}},"categories":[23,21],"tags":[],"class_list":["post-136641","post","type-post","status-publish","format-standard","has-post-thumbnail","hentry","category-del-mundo","category-nacionales"],"jetpack_publicize_connections":[],"jetpack_featured_media_url":"https:\/\/formalprision.com\/wp-content\/uploads\/2025\/11\/guz.jpg","jetpack_sharing_enabled":true,"jetpack_shortlink":"https:\/\/wp.me\/p6id8p-zxT","_links":{"self":[{"href":"https:\/\/formalprision.com\/index.php?rest_route=\/wp\/v2\/posts\/136641","targetHints":{"allow":["GET"]}}],"collection":[{"href":"https:\/\/formalprision.com\/index.php?rest_route=\/wp\/v2\/posts"}],"about":[{"href":"https:\/\/formalprision.com\/index.php?rest_route=\/wp\/v2\/types\/post"}],"author":[{"embeddable":true,"href":"https:\/\/formalprision.com\/index.php?rest_route=\/wp\/v2\/users\/2"}],"replies":[{"embeddable":true,"href":"https:\/\/formalprision.com\/index.php?rest_route=%2Fwp%2Fv2%2Fcomments&post=136641"}],"version-history":[{"count":1,"href":"https:\/\/formalprision.com\/index.php?rest_route=\/wp\/v2\/posts\/136641\/revisions"}],"predecessor-version":[{"id":136642,"href":"https:\/\/formalprision.com\/index.php?rest_route=\/wp\/v2\/posts\/136641\/revisions\/136642"}],"wp:featuredmedia":[{"embeddable":true,"href":"https:\/\/formalprision.com\/index.php?rest_route=\/wp\/v2\/media\/136643"}],"wp:attachment":[{"href":"https:\/\/formalprision.com\/index.php?rest_route=%2Fwp%2Fv2%2Fmedia&parent=136641"}],"wp:term":[{"taxonomy":"category","embeddable":true,"href":"https:\/\/formalprision.com\/index.php?rest_route=%2Fwp%2Fv2%2Fcategories&post=136641"},{"taxonomy":"post_tag","embeddable":true,"href":"https:\/\/formalprision.com\/index.php?rest_route=%2Fwp%2Fv2%2Ftags&post=136641"}],"curies":[{"name":"wp","href":"https:\/\/api.w.org\/{rel}","templated":true}]}}