{"id":136653,"date":"2025-12-01T00:06:43","date_gmt":"2025-12-01T05:06:43","guid":{"rendered":"https:\/\/formalprision.com\/?p=136653"},"modified":"2025-12-01T23:41:31","modified_gmt":"2025-12-02T04:41:31","slug":"el-ayuntamiento-de-merida-enciende-el-espiritu-navideno","status":"publish","type":"post","link":"https:\/\/formalprision.com\/?p=136653","title":{"rendered":"El Ayuntamiento de M\u00e9rida enciende el esp\u00edritu navide\u00f1o"},"content":{"rendered":"\n<p>M\u00e9rida, Yucat\u00e1n, domingo 30 de noviembre de 2025.- Con gran entusiasmo y en un ambiente familiar, la presidenta municipal de M\u00e9rida, Cecilia Patr\u00f3n Laviada, ilumin\u00f3 esta noche el tradicional \u00c1rbol del Remate de Montejo, s\u00edmbolo que marca el inicio de las celebraciones decembrinas en la capital yucateca.<\/p>\n\n\n\n<p>\u00abComo cada a\u00f1o arrancamos con el \u00e1rbol del Remate, pero hoy M\u00e9rida brilla m\u00e1s que nunca porque llevamos esta alegr\u00eda a muchos m\u00e1s espacios de nuestra ciudad, llen\u00e1ndola de uni\u00f3n familiar y convivencia, porque eso significa Navidad, paz y amor en cada hogar\u201d, expres\u00f3.<\/p>\n\n\n\n<p>Durante el evento, la alcaldesa destac\u00f3 que este 2025, por primera vez, el Ayuntamiento encender\u00e1 ocho \u00e1rboles navide\u00f1os distribuidos en diversos puntos de la ciudad, permitiendo que miles de familias disfruten la magia de la Navidad cerca de sus hogares.<\/p>\n\n\n\n<p>\u201cTodos somos una gran familia, y la Navidad nos invita a reencontrarnos y valorar a quienes amamos, la ciudad que tenemos y el futuro que podemos seguir construyendo con solidaridad y uni\u00f3n comunitaria\u201d, destac\u00f3..<\/p>\n\n\n\n<p>La celebraci\u00f3n incluy\u00f3 la presentaci\u00f3n especial del show de Morita y \u201cKarlita y sus amigas\u201d, quienes animaron a ni\u00f1as y ni\u00f1os en un ambiente festivo. Las familias disfrutaron m\u00fasica, juegos y un espect\u00e1culo lleno de color previo al tan esperado encendido.<\/p>\n\n\n\n<p>Esta semana M\u00e9rida contar\u00e1 con encendidos de \u00e1rboles en: La Arbolada en San Antonio Xluch III, Fraccionamiento Del Parque, Colonia M\u00e9xico, La Visita en Juan Pablo II, Plaza Grande, Parque San Crist\u00f3bal, Parque de Las Am\u00e9ricas y La Placita del Mercado Lucas de G\u00e1lvez, reafirmando el compromiso del Ayuntamiento de llevar actividades para todas y todos.<\/p>\n\n\n\n<p>El Festival Navide\u00f1o \u201cM\u00e9rida Brilla\u201d se llevar\u00e1 a cabo del 30 de noviembre al 7 de enero de 2026, con un extenso programa totalmente gratuito para disfrute de las y los meridanos.<\/p>\n\n\n\n<p>Entre las actividades m\u00e1s esperadas de esta edici\u00f3n destaca la Pista de Hielo \u201cMagia Sobre Hielo\u201d, en el Paseo de Montejo por Avenida Col\u00f3n, disponible de lunes a viernes de 4:00 a 9:00 pm, y los fines de semana de 11:00 a 3:00 pm y de 4:00 a 9:00 pm. Los d\u00edas 24 y 31 de diciembre operar\u00e1 de 9:00 a 12:00 pm, brindando una experiencia \u00fanica para chicos y grandes.<\/p>\n\n\n\n<p>Otra de las grandes atracciones ser\u00e1 el espect\u00e1culo inmersivo \u201cSenderos de Magia y Luz\u201d, que iluminar\u00e1 el Parque Ecol\u00f3gico del Poniente, donde las familias podr\u00e1n caminar entre t\u00faneles y figuras iluminadas que transforman el paisaje en un mundo encantado,<\/p>\n\n\n\n<p>Asimismo los video mapping en el Parque de la Paz, que cada noche proyectar\u00e1n historias y motivos navide\u00f1os que sorprender\u00e1n a visitantes locales y turistas.<\/p>\n\n\n\n<p>Tambi\u00e9n regresan las tradicionales Caravanas Navide\u00f1as, que este a\u00f1o recorrer\u00e1n cinco rutas en los rumbos sur, norte, oriente y poniente, llevando m\u00fasica, personajes navide\u00f1os y espect\u00e1culos m\u00f3viles directamente a las colonias y comisar\u00edas.<\/p>\n\n\n\n<p>Para el p\u00fablico joven y deportista, el programa incluye la Bici Ruta Nocturna Navide\u00f1a y la actividad Navidad en Acci\u00f3n en el Parque de Deportes Extremos, donde se combinar\u00e1 iluminaci\u00f3n tem\u00e1tica con demostraciones deportivas.<\/p>\n\n\n\n<p>El esp\u00edritu emprendedor tendr\u00e1 su espacio en las Bazaritas \u201cAliadas para emprender\u201d, un punto de encuentro para artesanas, creadoras y microempresarias que ofrecer\u00e1n productos locales ideales para las compras decembrinas.<\/p>\n\n\n\n<p>\u201cLes invitamos a disfrutar de esta M\u00e9rida que hemos adornado con mucho cari\u00f1o, parques, glorietas y avenidas reflejan la alegr\u00eda que nos une en estas fechas\u201d, concluy\u00f3.<\/p>\n\n\n\n<figure class=\"wp-block-image size-full\"><a href=\"http:\/\/formalprision.com\/wp-content\/uploads\/2025\/12\/FB_IMG_1764564754674.jpg\"><img loading=\"lazy\" decoding=\"async\" width=\"811\" height=\"540\" src=\"http:\/\/formalprision.com\/wp-content\/uploads\/2025\/12\/FB_IMG_1764564754674.jpg\" alt=\"\" class=\"wp-image-136654\" srcset=\"https:\/\/formalprision.com\/wp-content\/uploads\/2025\/12\/FB_IMG_1764564754674.jpg 811w, https:\/\/formalprision.com\/wp-content\/uploads\/2025\/12\/FB_IMG_1764564754674-300x200.jpg 300w, https:\/\/formalprision.com\/wp-content\/uploads\/2025\/12\/FB_IMG_1764564754674-768x511.jpg 768w\" sizes=\"auto, (max-width: 811px) 100vw, 811px\" \/><\/a><\/figure>\n\n\n\n<p>El emblem\u00e1tico \u00e1rbol mide 20 metros de altura y cuenta con m\u00e1s de 7 mil luces led. En el Remate adem\u00e1s se coloc\u00f3 una cortina de luces destellantes en la entrada, 17 pendones luminosos en postes, 17 bastones, dos renos, un t\u00fanel, el trineo de santa, esferas grandes, pasacalles navide\u00f1o, esferas y luces en 20 \u00e1rboles, vallas adornadas en el pino, un osos polar, cajas de regalo, los reyes magos, la estrella de Belem y una figura de Santa Claus.<\/p>\n\n\n\n<p>La calle 60 entre la calle 53 y la calle 47 y la calle 47 entre Paseo de Montejo y la calle 50 se adorna con pasacalles luminosos con motivos navide\u00f1os.<br>El Paseo de Montejo se decora desde la calle 47 hasta el monumento a la Patria con 41 adornos luminosos en postes del camell\u00f3n central y luces fr\u00edas y c\u00e1lidas en 290 \u00e1rboles de los andadores laterales de la Avenida.<\/p>\n","protected":false},"excerpt":{"rendered":"<p>M\u00e9rida, Yucat\u00e1n, domingo 30 de noviembre de 2025.- Con gran entusiasmo y en un ambiente familiar, la presidenta municipal de M\u00e9rida, Cecilia Patr\u00f3n Laviada, ilumin\u00f3 esta noche el tradicional \u00c1rbol<\/p>\n","protected":false},"author":1,"featured_media":136655,"comment_status":"open","ping_status":"open","sticky":false,"template":"","format":"standard","meta":{"jetpack_post_was_ever_published":false,"_jetpack_newsletter_access":"","_jetpack_dont_email_post_to_subs":false,"_jetpack_newsletter_tier_id":0,"_jetpack_memberships_contains_paywalled_content":false,"_jetpack_memberships_contains_paid_content":false,"footnotes":"","jetpack_publicize_message":"","jetpack_publicize_feature_enabled":true,"jetpack_social_post_already_shared":true,"jetpack_social_options":{"image_generator_settings":{"template":"highway","default_image_id":0,"font":"","enabled":false},"version":2}},"categories":[14],"tags":[],"class_list":["post-136653","post","type-post","status-publish","format-standard","has-post-thumbnail","hentry","category-merida"],"jetpack_publicize_connections":[],"jetpack_featured_media_url":"https:\/\/formalprision.com\/wp-content\/uploads\/2025\/12\/FB_IMG_1764564740568.jpg","jetpack_sharing_enabled":true,"jetpack_shortlink":"https:\/\/wp.me\/p6id8p-zy5","_links":{"self":[{"href":"https:\/\/formalprision.com\/index.php?rest_route=\/wp\/v2\/posts\/136653","targetHints":{"allow":["GET"]}}],"collection":[{"href":"https:\/\/formalprision.com\/index.php?rest_route=\/wp\/v2\/posts"}],"about":[{"href":"https:\/\/formalprision.com\/index.php?rest_route=\/wp\/v2\/types\/post"}],"author":[{"embeddable":true,"href":"https:\/\/formalprision.com\/index.php?rest_route=\/wp\/v2\/users\/1"}],"replies":[{"embeddable":true,"href":"https:\/\/formalprision.com\/index.php?rest_route=%2Fwp%2Fv2%2Fcomments&post=136653"}],"version-history":[{"count":1,"href":"https:\/\/formalprision.com\/index.php?rest_route=\/wp\/v2\/posts\/136653\/revisions"}],"predecessor-version":[{"id":136656,"href":"https:\/\/formalprision.com\/index.php?rest_route=\/wp\/v2\/posts\/136653\/revisions\/136656"}],"wp:featuredmedia":[{"embeddable":true,"href":"https:\/\/formalprision.com\/index.php?rest_route=\/wp\/v2\/media\/136655"}],"wp:attachment":[{"href":"https:\/\/formalprision.com\/index.php?rest_route=%2Fwp%2Fv2%2Fmedia&parent=136653"}],"wp:term":[{"taxonomy":"category","embeddable":true,"href":"https:\/\/formalprision.com\/index.php?rest_route=%2Fwp%2Fv2%2Fcategories&post=136653"},{"taxonomy":"post_tag","embeddable":true,"href":"https:\/\/formalprision.com\/index.php?rest_route=%2Fwp%2Fv2%2Ftags&post=136653"}],"curies":[{"name":"wp","href":"https:\/\/api.w.org\/{rel}","templated":true}]}}