{"id":136657,"date":"2025-12-01T17:05:38","date_gmt":"2025-12-01T22:05:38","guid":{"rendered":"https:\/\/formalprision.com\/?p=136657"},"modified":"2025-12-01T23:41:17","modified_gmt":"2025-12-02T04:41:17","slug":"ayuntamiento-de-merida-realiza-la-semana-de-la-inclusion-contigo-es-mejor","status":"publish","type":"post","link":"https:\/\/formalprision.com\/?p=136657","title":{"rendered":"Ayuntamiento de M\u00e9rida realiza la Semana de la Inclusi\u00f3n Contigo es Mejor"},"content":{"rendered":"\n<p>M\u00c9RIDA, Yucat\u00e1n.- En el marco del D\u00eda Internacional de las Personas con Discapacidad que se conmemora el 3 de diciembre, la presidenta municipal de M\u00e9rida, Cecilia Patr\u00f3n Laviada, present\u00f3 la Semana de la Inclusi\u00f3n Contigo es Mejor, que se realizar\u00e1 del 1 al 5 de diciembre con diversas actividades.<\/p>\n\n\n\n<p>\u201cPromovemos la construcci\u00f3n de una M\u00e9rida m\u00e1s incluyente, justa y pr\u00f3spera, visibilizando a las personas con discapacidad, y que sepan que cuentan con nosotros para cuidarles y dar las oportunidades que merecen\u201d, destac\u00f3 la alcaldesa.<\/p>\n\n\n\n<p>Record\u00f3 que entre las acciones del Ayuntamiento est\u00e1n la creaci\u00f3n de la Coordinaci\u00f3n de Inclusi\u00f3n que ofrece atenci\u00f3n en los bajos de Palacio Municipal, cursos y talleres para aprender sobre las diversas discapacidades, asimismo se trabaja en la revisi\u00f3n de parques, algunos muy antiguos, para que el pr\u00f3ximo a\u00f1o el 100 por ciento tengan rampas.<\/p>\n\n\n\n<p>Las actividades comenzaron este lunes con un rally en el Parque Zool\u00f3gico Centenario en el que participaron integrantes de seis asociaciones civiles promoviendo la inclusi\u00f3n, empat\u00eda y respeto en un ambiente de convivencia saludable, y por la noche, el Ballet Folcl\u00f3rico de la Casa de la Cultura de M\u00e9rida, integrada por alumnas y alumnos con discapacidad del DIF Municipal, particip\u00f3 en la tradicional Noche de Vaquer\u00eda en los bajos de Palacio Municipal.<\/p>\n\n\n\n<p>El programa contin\u00faa este martes 2 con las Jornadas Educativas por la Inclusi\u00f3n, a las 9 a.m., en el auditorio \u201cSilvio Zavala Vallado\u201d del Centro Cultural Olimpo, con la participaci\u00f3n de Gilda Cota Vera y Jes\u00fas Campos Hern\u00e1ndez, coordinadora y enlace de la Coordinaci\u00f3n de Inclusi\u00f3n para Personas con Discapacidad del Ayuntamiento de M\u00e9rida, respectivamente; Rodrigo Chan Cua, coordinador del Programa de Discapacidad de la Comisi\u00f3n de Derechos Humanos del Estado de Yucat\u00e1n (Codhey), y Renata P\u00e9rez Zamudio, directora del Centro educadora en el Espectro.<\/p>\n\n\n\n<p>El mi\u00e9rcoles 3 ser\u00e1 el Conversatorio de Inclusi\u00f3n Social, a las 9 a.m., en el auditorio del Olimpo, para destacar la importancia de garantizar la igualdad de oportunidades, fomentar la accesibilidad y valorar el talento de las personas con discapacidad por parte de diversas empresas, con el prop\u00f3sito de compartir experiencias, buenas pr\u00e1cticas y estrategias. En este caso participan Roosevelt de la Rosa y Palacios y Rogelio Mart\u00ednez Segura, del Departamento de Bolsa de Trabajo de la Direcci\u00f3n de Prosperidad y Bienestar Econ\u00f3mico, y Dayna Mart\u00edn Ortiz, analista de Inclusi\u00f3n Laboral de Bachoco.<\/p>\n\n\n\n<p>Para resaltar el talento, la integraci\u00f3n y el respeto dentro del deporte, el jueves 4 habr\u00e1 un partido amistoso de b\u00e1squetbol y demostraci\u00f3n de deporte adaptado, a las 9 a.m., en el Parque Ocupacional y Recreativo \u201cLa Ceiba\u201d.<\/p>\n\n\n\n<p>Finalmente el viernes 5, se presentar\u00e1 la obra musical \u201cRey Le\u00f3n\u201dcon alumnado con discapacidad de la Casa de la Cultura de M\u00e9rida, a las 12:30 p.m., en el auditorio del Olimpo.<\/p>\n","protected":false},"excerpt":{"rendered":"<p>M\u00c9RIDA, Yucat\u00e1n.- En el marco del D\u00eda Internacional de las Personas con Discapacidad que se conmemora el 3 de diciembre, la presidenta municipal de M\u00e9rida, Cecilia Patr\u00f3n Laviada, present\u00f3 la<\/p>\n","protected":false},"author":2,"featured_media":136660,"comment_status":"open","ping_status":"open","sticky":false,"template":"","format":"standard","meta":{"jetpack_post_was_ever_published":false,"_jetpack_newsletter_access":"","_jetpack_dont_email_post_to_subs":false,"_jetpack_newsletter_tier_id":0,"_jetpack_memberships_contains_paywalled_content":false,"_jetpack_memberships_contains_paid_content":false,"footnotes":"","jetpack_publicize_message":"","jetpack_publicize_feature_enabled":true,"jetpack_social_post_already_shared":true,"jetpack_social_options":{"image_generator_settings":{"template":"highway","default_image_id":0,"font":"","enabled":false},"version":2}},"categories":[14],"tags":[],"class_list":["post-136657","post","type-post","status-publish","format-standard","has-post-thumbnail","hentry","category-merida"],"jetpack_publicize_connections":[],"jetpack_featured_media_url":"https:\/\/formalprision.com\/wp-content\/uploads\/2025\/12\/WhatsApp-Image-2025-12-01-at-3.47.52-PM.jpeg","jetpack_sharing_enabled":true,"jetpack_shortlink":"https:\/\/wp.me\/p6id8p-zy9","_links":{"self":[{"href":"https:\/\/formalprision.com\/index.php?rest_route=\/wp\/v2\/posts\/136657","targetHints":{"allow":["GET"]}}],"collection":[{"href":"https:\/\/formalprision.com\/index.php?rest_route=\/wp\/v2\/posts"}],"about":[{"href":"https:\/\/formalprision.com\/index.php?rest_route=\/wp\/v2\/types\/post"}],"author":[{"embeddable":true,"href":"https:\/\/formalprision.com\/index.php?rest_route=\/wp\/v2\/users\/2"}],"replies":[{"embeddable":true,"href":"https:\/\/formalprision.com\/index.php?rest_route=%2Fwp%2Fv2%2Fcomments&post=136657"}],"version-history":[{"count":1,"href":"https:\/\/formalprision.com\/index.php?rest_route=\/wp\/v2\/posts\/136657\/revisions"}],"predecessor-version":[{"id":136658,"href":"https:\/\/formalprision.com\/index.php?rest_route=\/wp\/v2\/posts\/136657\/revisions\/136658"}],"wp:featuredmedia":[{"embeddable":true,"href":"https:\/\/formalprision.com\/index.php?rest_route=\/wp\/v2\/media\/136660"}],"wp:attachment":[{"href":"https:\/\/formalprision.com\/index.php?rest_route=%2Fwp%2Fv2%2Fmedia&parent=136657"}],"wp:term":[{"taxonomy":"category","embeddable":true,"href":"https:\/\/formalprision.com\/index.php?rest_route=%2Fwp%2Fv2%2Fcategories&post=136657"},{"taxonomy":"post_tag","embeddable":true,"href":"https:\/\/formalprision.com\/index.php?rest_route=%2Fwp%2Fv2%2Ftags&post=136657"}],"curies":[{"name":"wp","href":"https:\/\/api.w.org\/{rel}","templated":true}]}}