{"id":136674,"date":"2025-12-01T23:35:49","date_gmt":"2025-12-02T04:35:49","guid":{"rendered":"https:\/\/formalprision.com\/?p=136674"},"modified":"2025-12-01T23:35:49","modified_gmt":"2025-12-02T04:35:49","slug":"dos-jovencitos-detenidos-por-ataque-con-arma-de-fuego-en-oxcutzcab","status":"publish","type":"post","link":"https:\/\/formalprision.com\/?p=136674","title":{"rendered":"Dos jovencitos detenidos por ataque con arma de fuego en Oxcutzcab"},"content":{"rendered":"\n<p>La Secretar\u00eda de Seguridad P\u00fablica (SSP) inform\u00f3 que, en coordinaci\u00f3n con la polic\u00eda municipal, detuvo a dos adolescentes presuntamente relacionados con hechos en los que resultaron lesionados dos menores de edad por proyectil de arma de fuego, en el municipio de Oxkutzcab.<\/p>\n\n\n\n<p>La noche del 30 de noviembre, en la calle 49 por 58 del Centro de Oxkutzcab, se atendi\u00f3 el reporte de dos adolescentes lesionados mientras circulaban a bordo de una motocicleta. De acuerdo con los datos recabados, otro par de j\u00f3venes que se desplazaban en una segunda moto se les emparej\u00f3 y uno de ellos habr\u00eda accionado un arma de fuego calibre .22, ocasionando una herida en el abdomen a H.I.C.D., de 15 a\u00f1os, y una lesi\u00f3n en el brazo derecho a G.M.M.D., de 16.<\/p>\n\n\n\n<p>Los menores lesionados recibieron atenci\u00f3n por param\u00e9dicos y fueron trasladados a hospitales en M\u00e9rida y Oxkutzcab, respectivamente, donde permanecen bajo vigilancia m\u00e9dica.<\/p>\n\n\n\n<p>Tras el operativo de b\u00fasqueda implementado en la zona, y con las caracter\u00edsticas brindadas, agentes de la SSP ubicaron primero al conductor de la motocicleta presuntamente involucrada, identificado con las siglas A.E.M.P., de 15 a\u00f1os, y posteriormente a un segundo, L.A.R.C. de 18 a\u00f1os. Ambos fueron detenidos y puestos a disposici\u00f3n de la autoridad competente para las diligencias legales correspondientes.<\/p>\n\n\n\n<p>Agentes investigadores contin\u00faan las diligencias para esclarecer totalmente los hechos.<\/p>\n","protected":false},"excerpt":{"rendered":"<p>La Secretar\u00eda de Seguridad P\u00fablica (SSP) inform\u00f3 que, en coordinaci\u00f3n con la polic\u00eda municipal, detuvo a dos adolescentes presuntamente relacionados con hechos en los que resultaron lesionados dos menores de<\/p>\n","protected":false},"author":1,"featured_media":136675,"comment_status":"open","ping_status":"open","sticky":false,"template":"","format":"standard","meta":{"jetpack_post_was_ever_published":false,"_jetpack_newsletter_access":"","_jetpack_dont_email_post_to_subs":false,"_jetpack_newsletter_tier_id":0,"_jetpack_memberships_contains_paywalled_content":false,"_jetpack_memberships_contains_paid_content":false,"footnotes":"","jetpack_publicize_message":"","jetpack_publicize_feature_enabled":true,"jetpack_social_post_already_shared":true,"jetpack_social_options":{"image_generator_settings":{"template":"highway","default_image_id":0,"font":"","enabled":false},"version":2}},"categories":[54],"tags":[],"class_list":["post-136674","post","type-post","status-publish","format-standard","has-post-thumbnail","hentry","category-yucatan"],"jetpack_publicize_connections":[],"jetpack_featured_media_url":"https:\/\/formalprision.com\/wp-content\/uploads\/2025\/12\/images.jpeg","jetpack_sharing_enabled":true,"jetpack_shortlink":"https:\/\/wp.me\/p6id8p-zyq","_links":{"self":[{"href":"https:\/\/formalprision.com\/index.php?rest_route=\/wp\/v2\/posts\/136674","targetHints":{"allow":["GET"]}}],"collection":[{"href":"https:\/\/formalprision.com\/index.php?rest_route=\/wp\/v2\/posts"}],"about":[{"href":"https:\/\/formalprision.com\/index.php?rest_route=\/wp\/v2\/types\/post"}],"author":[{"embeddable":true,"href":"https:\/\/formalprision.com\/index.php?rest_route=\/wp\/v2\/users\/1"}],"replies":[{"embeddable":true,"href":"https:\/\/formalprision.com\/index.php?rest_route=%2Fwp%2Fv2%2Fcomments&post=136674"}],"version-history":[{"count":1,"href":"https:\/\/formalprision.com\/index.php?rest_route=\/wp\/v2\/posts\/136674\/revisions"}],"predecessor-version":[{"id":136676,"href":"https:\/\/formalprision.com\/index.php?rest_route=\/wp\/v2\/posts\/136674\/revisions\/136676"}],"wp:featuredmedia":[{"embeddable":true,"href":"https:\/\/formalprision.com\/index.php?rest_route=\/wp\/v2\/media\/136675"}],"wp:attachment":[{"href":"https:\/\/formalprision.com\/index.php?rest_route=%2Fwp%2Fv2%2Fmedia&parent=136674"}],"wp:term":[{"taxonomy":"category","embeddable":true,"href":"https:\/\/formalprision.com\/index.php?rest_route=%2Fwp%2Fv2%2Fcategories&post=136674"},{"taxonomy":"post_tag","embeddable":true,"href":"https:\/\/formalprision.com\/index.php?rest_route=%2Fwp%2Fv2%2Ftags&post=136674"}],"curies":[{"name":"wp","href":"https:\/\/api.w.org\/{rel}","templated":true}]}}