{"id":136682,"date":"2025-12-02T07:33:42","date_gmt":"2025-12-02T12:33:42","guid":{"rendered":"https:\/\/formalprision.com\/?p=136682"},"modified":"2025-12-04T01:20:37","modified_gmt":"2025-12-04T06:20:37","slug":"extraditaran-a-mexico-a-cura-espanol-acusado-de-abuso-sexual-infantil","status":"publish","type":"post","link":"https:\/\/formalprision.com\/?p=136682","title":{"rendered":"Extraditar\u00e1n a M\u00e9xico a cura espa\u00f1ol acusado de abuso sexual infantil"},"content":{"rendered":"\n<p>La justicia espa\u00f1ola aprob\u00f3 la extradici\u00f3n a M\u00e9xico del espa\u00f1ol Ram\u00f3n L.E, un cura acusado de agredir sexualmente a tres ni\u00f1as en un albergue de Jalisco, donde actuaba como misionero y acud\u00eda a confesar a las menores.<\/p>\n\n\n\n<p>La Audiencia Nacional espa\u00f1ola aprob\u00f3 la extradici\u00f3n en un auto dictado el pasado mes de octubre, que adelant\u00f3 el peri\u00f3dico local El Confidencial y al que tuvo acceso EFE.<\/p>\n\n\n\n<p>Este sacerdote cat\u00f3lico, de 58 a\u00f1os y misionero desde el 2001, fue reclamado por las autoridades mexicanas despu\u00e9s de que tres menores, dos de ellas hermanas, denunciaran que el p\u00e1rroco les hac\u00eda tocamientos cuando acud\u00eda a confesarlas al albergue cristiano en el que resid\u00edan durante la primavera del 2022.<\/p>\n\n\n\n<p>Cuando sufrieron los presuntos abusos estas ni\u00f1as ten\u00edan 13, 12 y 10 a\u00f1os y resid\u00edan en Jalisco, en un albergue que se dedica al cuidado de ni\u00f1as en situaci\u00f3n vulnerable.<\/p>\n\n\n\n<p>Las menores denunciaron las agresiones tras saber que el cura hab\u00eda regresado a Espa\u00f1a.<\/p>\n\n\n\n<p>Todas ellas relatan c\u00f3mo el cura las conduc\u00eda a la sala donde estaba la televisi\u00f3n, donde las agred\u00eda sexualmente cuando se encerraba con ellas para confesarlas. En uno de los casos las agresiones empezaron cuando la ni\u00f1a ten\u00eda 9 a\u00f1os, seg\u00fan declar\u00f3 la v\u00edctima.<\/p>\n\n\n\n<p>Una de las ni\u00f1as cont\u00f3 durante su declaraci\u00f3n que no hab\u00eda alertado de lo ocurrido porque pens\u00f3 que no la iban a creer y que solo comunic\u00f3 lo que hab\u00eda pasado una vez que lo hicieron otras ni\u00f1as; adem\u00e1s, cuando lo hizo, una de las religiosas a cargo del albergue la acus\u00f3 de ser una mentirosa.<\/p>\n\n\n\n<p>El sacerdote, sobre el que pesaba una orden de arresto de un juez mexicano desde julio de 2023, fue detenido el pasado 28 de marzo en Zaragoza (ciudad del noreste de Espa\u00f1a de la que era originario), ante un aviso de Interpol, y tras una primera vista fue puesto en libertad provisional, con medidas cautelares.<\/p>\n\n\n\n<p>Durante la vista de extradici\u00f3n celebrada en la Audiencia Nacional el pasado mes de octubre, el p\u00e1rroco dijo que no aceptaba la extradici\u00f3n y su defensa sostuvo que el cura se encontraba en Espa\u00f1a en las fechas de las agresiones sexuales denunciadas, por lo que no hab\u00eda podido cometerlas.<\/p>\n\n\n\n<p>La Fiscal\u00eda apoy\u00f3 en cambio extraditarle a M\u00e9xico, donde est\u00e1 acusado de abuso sexual infantil y de corrupci\u00f3n de menores agravados, una petici\u00f3n que tambi\u00e9n apoy\u00f3 la Audiencia Nacional, que apunta que el tribunal de extradici\u00f3n no puede entrar a valorar cuestiones de fondo como las pruebas o la veracidad de los cargos formulados contra el cura.<\/p>\n\n\n\n<p>El tribunal espa\u00f1ol descart\u00f3 acogerse a la posibilidad de que el sospechoso fuera juzgado por videoconferencia, para facilitar el enjuiciamiento de los graves hechos presuntamente cometidos en M\u00e9xico, donde est\u00e1n la totalidad de las pruebas y las v\u00edctimas, de corta edad y \u201cespecial vulnerabilidad\u201d.<\/p>\n","protected":false},"excerpt":{"rendered":"<p>La justicia espa\u00f1ola aprob\u00f3 la extradici\u00f3n a M\u00e9xico del espa\u00f1ol Ram\u00f3n L.E, un cura acusado de agredir sexualmente a tres ni\u00f1as en un albergue de Jalisco, donde actuaba como misionero<\/p>\n","protected":false},"author":2,"featured_media":136684,"comment_status":"open","ping_status":"open","sticky":false,"template":"","format":"standard","meta":{"jetpack_post_was_ever_published":false,"_jetpack_newsletter_access":"","_jetpack_dont_email_post_to_subs":false,"_jetpack_newsletter_tier_id":0,"_jetpack_memberships_contains_paywalled_content":false,"_jetpack_memberships_contains_paid_content":false,"footnotes":"","jetpack_publicize_message":"","jetpack_publicize_feature_enabled":true,"jetpack_social_post_already_shared":true,"jetpack_social_options":{"image_generator_settings":{"template":"highway","default_image_id":0,"font":"","enabled":false},"version":2}},"categories":[23],"tags":[],"class_list":["post-136682","post","type-post","status-publish","format-standard","has-post-thumbnail","hentry","category-del-mundo"],"jetpack_publicize_connections":[],"jetpack_featured_media_url":"https:\/\/formalprision.com\/wp-content\/uploads\/2025\/12\/cura.jpg","jetpack_sharing_enabled":true,"jetpack_shortlink":"https:\/\/wp.me\/p6id8p-zyy","_links":{"self":[{"href":"https:\/\/formalprision.com\/index.php?rest_route=\/wp\/v2\/posts\/136682","targetHints":{"allow":["GET"]}}],"collection":[{"href":"https:\/\/formalprision.com\/index.php?rest_route=\/wp\/v2\/posts"}],"about":[{"href":"https:\/\/formalprision.com\/index.php?rest_route=\/wp\/v2\/types\/post"}],"author":[{"embeddable":true,"href":"https:\/\/formalprision.com\/index.php?rest_route=\/wp\/v2\/users\/2"}],"replies":[{"embeddable":true,"href":"https:\/\/formalprision.com\/index.php?rest_route=%2Fwp%2Fv2%2Fcomments&post=136682"}],"version-history":[{"count":1,"href":"https:\/\/formalprision.com\/index.php?rest_route=\/wp\/v2\/posts\/136682\/revisions"}],"predecessor-version":[{"id":136683,"href":"https:\/\/formalprision.com\/index.php?rest_route=\/wp\/v2\/posts\/136682\/revisions\/136683"}],"wp:featuredmedia":[{"embeddable":true,"href":"https:\/\/formalprision.com\/index.php?rest_route=\/wp\/v2\/media\/136684"}],"wp:attachment":[{"href":"https:\/\/formalprision.com\/index.php?rest_route=%2Fwp%2Fv2%2Fmedia&parent=136682"}],"wp:term":[{"taxonomy":"category","embeddable":true,"href":"https:\/\/formalprision.com\/index.php?rest_route=%2Fwp%2Fv2%2Fcategories&post=136682"},{"taxonomy":"post_tag","embeddable":true,"href":"https:\/\/formalprision.com\/index.php?rest_route=%2Fwp%2Fv2%2Ftags&post=136682"}],"curies":[{"name":"wp","href":"https:\/\/api.w.org\/{rel}","templated":true}]}}