{"id":136688,"date":"2025-12-02T15:50:46","date_gmt":"2025-12-02T20:50:46","guid":{"rendered":"https:\/\/formalprision.com\/?p=136688"},"modified":"2025-12-04T01:20:24","modified_gmt":"2025-12-04T06:20:24","slug":"inicia-cecilia-patron-la-construccion-del-primer-bio-corredor-urbano-en-la-historia-de-merida","status":"publish","type":"post","link":"https:\/\/formalprision.com\/?p=136688","title":{"rendered":"Inicia Cecilia Patr\u00f3n construcci\u00f3n del primer bio-corredor urbano de M\u00e9rida"},"content":{"rendered":"\n<p>M\u00c9RIDA, Yucat\u00e1n.- Construir una ciudad m\u00e1s verde, resiliente, conectada y ambientalmente responsable es una misi\u00f3n que ha emprendido la presidenta municipal Cecilia Patr\u00f3n Laviada y, con el apoyo de GIZ de Alemania, arranc\u00f3 en la zona poniente el primer bio-corredor urbano en la historia de M\u00e9rida como parte del Plan Municipal de Infraestructura Verde.<\/p>\n\n\n\n<p>\u201cCon este proyecto conectamos entre s\u00ed las \u00e1reas verdes de M\u00e9rida, con acciones como un jard\u00edn de lluvia, un huerto comunitario y un refugio para polinizadores para apoyar la infiltraci\u00f3n, la producci\u00f3n agroecol\u00f3gica y la biodiversidad\u201d, explic\u00f3 la mun\u00edcipe a vecinos reunidos en el Parque Ecol\u00f3gico del Poniente.<\/p>\n\n\n\n<p>La alcaldesa expres\u00f3 que con ello se busca una infraestructura integral con la biodiversidad dentro de la ciudad, que abarca intervenciones espec\u00edficas en el Parque Ecol\u00f3gico del Poniente y tambi\u00e9n en la zona Plan de Ayala Sur 3.<\/p>\n\n\n\n<p>Cabe destacar que, al ser un espacio de alto valor ambiental, se busca consolidar este emblem\u00e1tico parque ubicado en la colonia Yucalpet\u00e9n como un nodo ecol\u00f3gico clave dentro del subsistema de bioparques, que se traducir\u00e1 en bienestar humano, conectividad biol\u00f3gica y adaptaci\u00f3n al cambio clim\u00e1tico.<\/p>\n\n\n\n<p>El proyecto intervenci\u00f3n integral en el Parque Ecol\u00f3gico del Poniente contempla acciones previstas en cinco puntos clave: reforestaci\u00f3n con especies nativas, creaci\u00f3n de espacios l\u00fadicos, implementaci\u00f3n de bioingenier\u00eda, instalaci\u00f3n de jardines de lluvia y elaboraci\u00f3n de murales comunitarios.<\/p>\n\n\n\n<p>Adem\u00e1s, se desarrollar\u00e1 en un plan esquematizado en tres l\u00edneas de acci\u00f3n: la primera, con base t\u00e9cnica y soluciones basadas en la naturaleza con cinco intervenciones; la segunda, con enfoque social, mediante procesos participativos en 20 talleres; y la tercera, buscando la sostenibilidad, con medidas de mantenimiento, replicabilidad y monitoreo que se plasmar\u00e1n en tres documentos t\u00e9cnicos.<\/p>\n\n\n\n<p>\u201cCada metro cuadrado recuperado, cada \u00e1rbol nativo plantado en cada \u00e1rea restaurada, sumar\u00e1 para enfrentar retos que ya sentimos en el municipio, como el calor extremo y el desgaste de nuestras zonas verdes\u201d, profundiz\u00f3 Patr\u00f3n Laviada.<\/p>\n\n\n\n<p>La creaci\u00f3n de los bio-corredores es un paso enorme hacia la M\u00e9rida ecol\u00f3gicamente sostenible, que contar\u00e1 con estos espacios con caminos de vida que restaura los h\u00e1bitats, permitiendo que la fauna regrese y el arbolado aumente.<\/p>\n\n\n\n<p>La alcaldesa enfatiz\u00f3 que esto tambi\u00e9n ayudar\u00e1 a \u201crefrescar\u201d la ciudad, acci\u00f3n clave en la mejora de la salud de las personas y de un entorno con infraestructura que respira con nuevo futuro, m\u00e1s verde para las familias de hoy y del ma\u00f1ana.<\/p>\n\n\n\n<p>El Ayuntamiento de M\u00e9rida hoy cuenta con un Comit\u00e9 T\u00e9cnico Municipal de Infraestructura Verde en el que participan especialistas, sociedad civil, academia y dependencias municipales, quienes aportan su visi\u00f3n desde la biodiversidad, movilidad, espacio p\u00fablico y cambio clim\u00e1tico.<\/p>\n\n\n\n<p>A la par se han realizado acciones de rehabilitaci\u00f3n del Campo Deportivo Ecol\u00f3gico del Poniente, ubicado en Yucalpet\u00e9n con inversi\u00f3n superior a los 3 millones de pesos, como parte del fortalecimiento comunitario y deportivo para las familias de los alrededores.<\/p>\n\n\n\n<p>Al igual se suman diversas acciones de participaci\u00f3n ciudadana como la \u201cCaminata Exploratoria de Humedales Urbanos\u201d en la que vecinas y vecinos conocen las \u00e1reas, con acompa\u00f1amiento t\u00e9cnico y educativo.<\/p>\n\n\n\n<p>Por \u00faltimo, en este recorrido la alcaldesa agradeci\u00f3 a la iniciativa Cities Adapt realizada por encargo del Ministerio Federal de Medio Ambiente, Protecci\u00f3n del Clima, Protecci\u00f3n de la Naturaleza y Seguridad Nuclear de la Rep\u00fablica Federal de Alemania, la Iniciativa Clim\u00e1tica Internacional (IKI), la Cooperaci\u00f3n T\u00e9cnica Alemana (GIZ) M\u00e9xico, por confiar en M\u00e9rida y por invertir recursos que hoy se traducen en espacios m\u00e1s verdes, m\u00e1s frescos y m\u00e1s vivos.<\/p>\n\n\n\n<p>\u201cSu apoyo se refleja en una M\u00e9rida Verde que se desarrolla con responsabilidad, sostenibilidad y humanidad, en esta cooperaci\u00f3n internacional de contar con ciudades comprometidas con su medio ambiente y sus habitantes\u201d.<\/p>\n\n\n\n<p>A estos agradecimientos se suman instancias colaboradoras de este proyecto que nace de la iniciativa privada, con apoyo de empresas de gran prestigio y confiabilidad como lo es COMEX, CEMEX y la UNAM, que con la aportaci\u00f3n de Karla Rodr\u00edguez, realiza un monitoreo biol\u00f3gico pertinente.<\/p>\n\n\n\n<p>Acompa\u00f1aron a la alcaldesa la regidora Paulina S\u00e1nchez D\u00edaz, Carlos Francisco Vi\u00f1as Heredia, coordinaci\u00f3n general de Desarrollo Ordenado y Gesti\u00f3n de la Ciudad; Gerardo Gonz\u00e1lez Alfaro, del Proyecto Global Cities Adapt, director de Componente para M\u00e9xico, Sociedad Alemana de Cooperaci\u00f3n Internacional (GIZ); los directores Luis Jorge Montalvo Duarte, de Servicios P\u00fablicos Municipales y Ana Patricia R\u00edos Mu\u00f1oz, del Instituto Municipal de Planeaci\u00f3n; Jorge Luis Avil\u00e9s Lizama, secretario t\u00e9cnico de Planeaci\u00f3n, Seguimiento y Evaluaci\u00f3n, y representantes de asociaciones y empresas.<\/p>\n","protected":false},"excerpt":{"rendered":"<p>M\u00c9RIDA, Yucat\u00e1n.- Construir una ciudad m\u00e1s verde, resiliente, conectada y ambientalmente responsable es una misi\u00f3n que ha emprendido la presidenta municipal Cecilia Patr\u00f3n Laviada y, con el apoyo de GIZ<\/p>\n","protected":false},"author":2,"featured_media":136690,"comment_status":"open","ping_status":"open","sticky":false,"template":"","format":"standard","meta":{"jetpack_post_was_ever_published":false,"_jetpack_newsletter_access":"","_jetpack_dont_email_post_to_subs":false,"_jetpack_newsletter_tier_id":0,"_jetpack_memberships_contains_paywalled_content":false,"_jetpack_memberships_contains_paid_content":false,"footnotes":"","jetpack_publicize_message":"","jetpack_publicize_feature_enabled":true,"jetpack_social_post_already_shared":true,"jetpack_social_options":{"image_generator_settings":{"template":"highway","default_image_id":0,"font":"","enabled":false},"version":2}},"categories":[54],"tags":[],"class_list":["post-136688","post","type-post","status-publish","format-standard","has-post-thumbnail","hentry","category-yucatan"],"jetpack_publicize_connections":[],"jetpack_featured_media_url":"https:\/\/formalprision.com\/wp-content\/uploads\/2025\/12\/WhatsApp-Image-2025-12-02-at-2.36.59-PM.jpeg","jetpack_sharing_enabled":true,"jetpack_shortlink":"https:\/\/wp.me\/p6id8p-zyE","_links":{"self":[{"href":"https:\/\/formalprision.com\/index.php?rest_route=\/wp\/v2\/posts\/136688","targetHints":{"allow":["GET"]}}],"collection":[{"href":"https:\/\/formalprision.com\/index.php?rest_route=\/wp\/v2\/posts"}],"about":[{"href":"https:\/\/formalprision.com\/index.php?rest_route=\/wp\/v2\/types\/post"}],"author":[{"embeddable":true,"href":"https:\/\/formalprision.com\/index.php?rest_route=\/wp\/v2\/users\/2"}],"replies":[{"embeddable":true,"href":"https:\/\/formalprision.com\/index.php?rest_route=%2Fwp%2Fv2%2Fcomments&post=136688"}],"version-history":[{"count":2,"href":"https:\/\/formalprision.com\/index.php?rest_route=\/wp\/v2\/posts\/136688\/revisions"}],"predecessor-version":[{"id":136691,"href":"https:\/\/formalprision.com\/index.php?rest_route=\/wp\/v2\/posts\/136688\/revisions\/136691"}],"wp:featuredmedia":[{"embeddable":true,"href":"https:\/\/formalprision.com\/index.php?rest_route=\/wp\/v2\/media\/136690"}],"wp:attachment":[{"href":"https:\/\/formalprision.com\/index.php?rest_route=%2Fwp%2Fv2%2Fmedia&parent=136688"}],"wp:term":[{"taxonomy":"category","embeddable":true,"href":"https:\/\/formalprision.com\/index.php?rest_route=%2Fwp%2Fv2%2Fcategories&post=136688"},{"taxonomy":"post_tag","embeddable":true,"href":"https:\/\/formalprision.com\/index.php?rest_route=%2Fwp%2Fv2%2Ftags&post=136688"}],"curies":[{"name":"wp","href":"https:\/\/api.w.org\/{rel}","templated":true}]}}