{"id":136695,"date":"2025-12-02T19:42:59","date_gmt":"2025-12-03T00:42:59","guid":{"rendered":"https:\/\/formalprision.com\/?p=136695"},"modified":"2025-12-04T01:20:10","modified_gmt":"2025-12-04T06:20:10","slug":"alumna-de-secundaria-apunala-a-una-de-sus-companeras","status":"publish","type":"post","link":"https:\/\/formalprision.com\/?p=136695","title":{"rendered":"Alumna de secundaria apu\u00f1ala a una de sus compa\u00f1eras"},"content":{"rendered":"\n<p>Momentos de terror se vivieron en una escuela secundaria de Empalme, Sonora, cuando una estudiante fue apu\u00f1alada por una de sus compa\u00f1eras la ma\u00f1ana del lunes 1 de diciembre de 2025.<\/p>\n\n\n\n<p>Lo anterior ocurri\u00f3 en el patio central de la secundaria particular Jos\u00e9 Antonio Celaya Castro, que se encuentra ubicado en la colonia Moderna, justo cuando se realizaba la ceremonia de honores a la bandera que se realiza de forma semanal.<\/p>\n\n\n\n<p>La v\u00edctima es una menor de 13 a\u00f1os de edad que cursa el segundo a\u00f1o, quien tuvo heridas por arma punzocortante en la espalda y el hombro.<\/p>\n\n\n\n<p>Un maestro fue clave al intervenir y desarmar a la agresora, evitando que la estudiante de 13 a\u00f1os fuera asesinada.<\/p>\n\n\n\n<p>La escena provoc\u00f3 p\u00e1nico entre los estudiantes y personal docente que se encontraba ah\u00ed presente.<\/p>\n\n\n\n<p>Param\u00e9dicos de la Cruz Roja fueron quienes ayudaron a la menor herida para trasladarla inmediatamente al hospital del Instituto Mexicano del Seguro Social (IMSS) de Empalme, donde recibi\u00f3 atenci\u00f3n m\u00e9dica.<\/p>\n\n\n\n<p>Las heridas no pusieron en riesgo la vida de la menor y fue dado de alta luego de algunas horas.<\/p>\n\n\n\n<p>Autoridades educativas de Sonora ya investigan esta agresi\u00f3n en la secundaria de Empalme para tomar las acciones correspondientes.<\/p>\n","protected":false},"excerpt":{"rendered":"<p>Momentos de terror se vivieron en una escuela secundaria de Empalme, Sonora, cuando una estudiante fue apu\u00f1alada por una de sus compa\u00f1eras la ma\u00f1ana del lunes 1 de diciembre de<\/p>\n","protected":false},"author":2,"featured_media":136697,"comment_status":"open","ping_status":"open","sticky":false,"template":"","format":"standard","meta":{"jetpack_post_was_ever_published":false,"_jetpack_newsletter_access":"","_jetpack_dont_email_post_to_subs":false,"_jetpack_newsletter_tier_id":0,"_jetpack_memberships_contains_paywalled_content":false,"_jetpack_memberships_contains_paid_content":false,"footnotes":"","jetpack_publicize_message":"","jetpack_publicize_feature_enabled":true,"jetpack_social_post_already_shared":true,"jetpack_social_options":{"image_generator_settings":{"template":"highway","default_image_id":0,"font":"","enabled":false},"version":2}},"categories":[23],"tags":[],"class_list":["post-136695","post","type-post","status-publish","format-standard","has-post-thumbnail","hentry","category-del-mundo"],"jetpack_publicize_connections":[],"jetpack_featured_media_url":"https:\/\/formalprision.com\/wp-content\/uploads\/2025\/12\/alumna.jpg","jetpack_sharing_enabled":true,"jetpack_shortlink":"https:\/\/wp.me\/p6id8p-zyL","_links":{"self":[{"href":"https:\/\/formalprision.com\/index.php?rest_route=\/wp\/v2\/posts\/136695","targetHints":{"allow":["GET"]}}],"collection":[{"href":"https:\/\/formalprision.com\/index.php?rest_route=\/wp\/v2\/posts"}],"about":[{"href":"https:\/\/formalprision.com\/index.php?rest_route=\/wp\/v2\/types\/post"}],"author":[{"embeddable":true,"href":"https:\/\/formalprision.com\/index.php?rest_route=\/wp\/v2\/users\/2"}],"replies":[{"embeddable":true,"href":"https:\/\/formalprision.com\/index.php?rest_route=%2Fwp%2Fv2%2Fcomments&post=136695"}],"version-history":[{"count":2,"href":"https:\/\/formalprision.com\/index.php?rest_route=\/wp\/v2\/posts\/136695\/revisions"}],"predecessor-version":[{"id":136698,"href":"https:\/\/formalprision.com\/index.php?rest_route=\/wp\/v2\/posts\/136695\/revisions\/136698"}],"wp:featuredmedia":[{"embeddable":true,"href":"https:\/\/formalprision.com\/index.php?rest_route=\/wp\/v2\/media\/136697"}],"wp:attachment":[{"href":"https:\/\/formalprision.com\/index.php?rest_route=%2Fwp%2Fv2%2Fmedia&parent=136695"}],"wp:term":[{"taxonomy":"category","embeddable":true,"href":"https:\/\/formalprision.com\/index.php?rest_route=%2Fwp%2Fv2%2Fcategories&post=136695"},{"taxonomy":"post_tag","embeddable":true,"href":"https:\/\/formalprision.com\/index.php?rest_route=%2Fwp%2Fv2%2Ftags&post=136695"}],"curies":[{"name":"wp","href":"https:\/\/api.w.org\/{rel}","templated":true}]}}