{"id":136702,"date":"2025-12-02T22:16:24","date_gmt":"2025-12-03T03:16:24","guid":{"rendered":"https:\/\/formalprision.com\/?p=136702"},"modified":"2025-12-04T01:19:48","modified_gmt":"2025-12-04T06:19:48","slug":"merida-brilla-lleva-la-navidad-al-parque-la-visita-de-juan-pablo-ii","status":"publish","type":"post","link":"https:\/\/formalprision.com\/?p=136702","title":{"rendered":"M\u00e9rida Brilla lleva la Navidad al parque La visita de Juan Pablo II"},"content":{"rendered":"\n<p>M\u00c9RIDA, Yucat\u00e1n.- El poniente de M\u00e9rida se ilumin\u00f3 con el encendido del tercer \u00e1rbol navide\u00f1o de la temporada que realiz\u00f3 la presidenta municipal Cecilia Patr\u00f3n Laviada en el parque La visita de Juan Pablo II, acompa\u00f1ada de cientos de familias.<\/p>\n\n\n\n<p>\u201cVenimos aqu\u00ed donde meridanos conviven y hacen comunidad todos los d\u00edas, reconociendo ese gran valor y calidez que tiene nuestra gente y que nos da identidad\u201d, destac\u00f3 la alcaldesa antes de comenzar la fiesta.<\/p>\n\n\n\n<p>Invit\u00f3 a visitar los emblem\u00e1ticos espacios que se estar\u00e1n iluminando en los siguientes d\u00edas, como los \u00e1rboles del Remate de Montejo y el Fraccionamiento del Parque, que miden hasta 20 metros cada uno, para crear recuerdos inolvidables.<\/p>\n\n\n\n<p>Esta noche se presentaron los espect\u00e1culos de Morita y \u00abKarlita y sus amigas\u00bb, y se instal\u00f3 el Mercadito Navide\u00f1o en apoyo a los emprendedores.<\/p>\n\n\n\n<p>Finalmente record\u00f3 la serie de eventos del Festival Navide\u00f1o \u201cM\u00e9rida Brilla\u201d que se realizar\u00e1n hasta el 7 de enero como la pista de patinaje sobre hielo en Paseo de Montejo y el sendero de luz en el Parque Ecol\u00f3gico de Poniente, las caravanas y otras actividades que se pueden consultar en merida.gob.mx\/meridabrilla<\/p>\n","protected":false},"excerpt":{"rendered":"<p>M\u00c9RIDA, Yucat\u00e1n.- El poniente de M\u00e9rida se ilumin\u00f3 con el encendido del tercer \u00e1rbol navide\u00f1o de la temporada que realiz\u00f3 la presidenta municipal Cecilia Patr\u00f3n Laviada en el parque La<\/p>\n","protected":false},"author":2,"featured_media":136704,"comment_status":"open","ping_status":"open","sticky":false,"template":"","format":"standard","meta":{"jetpack_post_was_ever_published":false,"_jetpack_newsletter_access":"","_jetpack_dont_email_post_to_subs":false,"_jetpack_newsletter_tier_id":0,"_jetpack_memberships_contains_paywalled_content":false,"_jetpack_memberships_contains_paid_content":false,"footnotes":"","jetpack_publicize_message":"","jetpack_publicize_feature_enabled":true,"jetpack_social_post_already_shared":true,"jetpack_social_options":{"image_generator_settings":{"template":"highway","default_image_id":0,"font":"","enabled":false},"version":2}},"categories":[54],"tags":[],"class_list":["post-136702","post","type-post","status-publish","format-standard","has-post-thumbnail","hentry","category-yucatan"],"jetpack_publicize_connections":[],"jetpack_featured_media_url":"https:\/\/formalprision.com\/wp-content\/uploads\/2025\/12\/WhatsApp-Image-2025-12-02-at-8.49.34-PM.jpeg","jetpack_sharing_enabled":true,"jetpack_shortlink":"https:\/\/wp.me\/p6id8p-zyS","_links":{"self":[{"href":"https:\/\/formalprision.com\/index.php?rest_route=\/wp\/v2\/posts\/136702","targetHints":{"allow":["GET"]}}],"collection":[{"href":"https:\/\/formalprision.com\/index.php?rest_route=\/wp\/v2\/posts"}],"about":[{"href":"https:\/\/formalprision.com\/index.php?rest_route=\/wp\/v2\/types\/post"}],"author":[{"embeddable":true,"href":"https:\/\/formalprision.com\/index.php?rest_route=\/wp\/v2\/users\/2"}],"replies":[{"embeddable":true,"href":"https:\/\/formalprision.com\/index.php?rest_route=%2Fwp%2Fv2%2Fcomments&post=136702"}],"version-history":[{"count":1,"href":"https:\/\/formalprision.com\/index.php?rest_route=\/wp\/v2\/posts\/136702\/revisions"}],"predecessor-version":[{"id":136703,"href":"https:\/\/formalprision.com\/index.php?rest_route=\/wp\/v2\/posts\/136702\/revisions\/136703"}],"wp:featuredmedia":[{"embeddable":true,"href":"https:\/\/formalprision.com\/index.php?rest_route=\/wp\/v2\/media\/136704"}],"wp:attachment":[{"href":"https:\/\/formalprision.com\/index.php?rest_route=%2Fwp%2Fv2%2Fmedia&parent=136702"}],"wp:term":[{"taxonomy":"category","embeddable":true,"href":"https:\/\/formalprision.com\/index.php?rest_route=%2Fwp%2Fv2%2Fcategories&post=136702"},{"taxonomy":"post_tag","embeddable":true,"href":"https:\/\/formalprision.com\/index.php?rest_route=%2Fwp%2Fv2%2Ftags&post=136702"}],"curies":[{"name":"wp","href":"https:\/\/api.w.org\/{rel}","templated":true}]}}