{"id":136719,"date":"2025-12-03T17:08:21","date_gmt":"2025-12-03T22:08:21","guid":{"rendered":"https:\/\/formalprision.com\/?p=136719"},"modified":"2025-12-04T01:18:15","modified_gmt":"2025-12-04T06:18:15","slug":"primer-aniversario-de-la-coordinacion-de-inclusion-para-personas-con-discapacidad-que-encabeza-gilda-cota-vera","status":"publish","type":"post","link":"https:\/\/formalprision.com\/?p=136719","title":{"rendered":"Primer Aniversario de la Coordinaci\u00f3n de Inclusi\u00f3n para Personas con Discapacidad"},"content":{"rendered":"\n<p>M\u00c9RIDA, Yucat\u00e1n.- En el marco del primer aniversario de la Coordinaci\u00f3n de Inclusi\u00f3n para Personas con Discapacidad, se llevaron a cabo las Jornadas de Inclusi\u00f3n: \u201cCon nosotros todo, sin nosotros nada\u201d, un espacio de reflexi\u00f3n y aprendizaje que reuni\u00f3 a especialistas con discapacidad y a estudiantes de diversas universidades.<\/p>\n\n\n\n<p>Estas jornadas reafirman la importancia de generar entornos donde las voces de las personas con discapacidad sean escuchadas, valoradas y consideradas fundamentales en la construcci\u00f3n de una sociedad justa y accesible.<\/p>\n\n\n\n<p>Desde la inauguraci\u00f3n de la Coordinaci\u00f3n, a cargo de Gilda Cota Vera, se ha brindado atenci\u00f3n directa a la ciudadan\u00eda con discapacidad, orientando y canalizando a las personas hacia los programas y centros del Departamento de Atenci\u00f3n a Personas con Discapacidad del DIF Municipal de acuerdo con las necesidades espec\u00edficas de cada caso.<\/p>\n\n\n\n<p>Adem\u00e1s, con el apoyo del enlace Jes\u00fas Campos Hern\u00e1ndez y el equipo de trabajo, se ofrecen diversos servicios como asesor\u00eda en inclusi\u00f3n laboral, fortaleciendo el v\u00ednculo con las empresas mediante procesos de sensibilizaci\u00f3n que favorecen la contrataci\u00f3n y permanencia de personas con discapacidad.<\/p>\n\n\n\n<p>La Coordinaci\u00f3n tambi\u00e9n realiza capacitaciones y talleres de sensibilizaci\u00f3n dirigidos a empresas, escuelas y al personal del Ayuntamiento de M\u00e9rida, con el prop\u00f3sito de promover la empat\u00eda, el respeto y el trabajo conjunto para garantizar una verdadera inclusi\u00f3n en todos los \u00e1mbitos de la vida comunitaria.<\/p>\n\n\n\n<p>A lo largo del a\u00f1o, estos servicios han tenido un impacto significativo. Se ha trabajado con 24 escuelas y 16 direcciones del Ayuntamiento mediante m\u00e1s de 90 pl\u00e1ticas sobre sensibilizaci\u00f3n, conocimiento de los distintos tipos de discapacidad y promoci\u00f3n de formas adecuadas de interacci\u00f3n y apoyo.<\/p>\n\n\n\n<p>Asimismo se han visitado diversas empresas, generando espacios de di\u00e1logo e intercambio de iniciativas orientadas a fortalecer la colaboraci\u00f3n y desarrollar nuevas estrategias para avanzar hacia entornos m\u00e1s accesibles e incluyentes, contribuyendo a que M\u00e9rida contin\u00fae consolid\u00e1ndose como una ciudad comprometida con la justicia social para todas y todos.<\/p>\n\n\n\n<p>La Coordinaci\u00f3n de Inclusi\u00f3n para Personas con Discapacidad ofrece atenci\u00f3n en los bajos del Palacio Municipal, de lunes a viernes, en horario de 8 a.m. a 3 p.m.<\/p>\n","protected":false},"excerpt":{"rendered":"<p>M\u00c9RIDA, Yucat\u00e1n.- En el marco del primer aniversario de la Coordinaci\u00f3n de Inclusi\u00f3n para Personas con Discapacidad, se llevaron a cabo las Jornadas de Inclusi\u00f3n: \u201cCon nosotros todo, sin nosotros<\/p>\n","protected":false},"author":2,"featured_media":136721,"comment_status":"open","ping_status":"open","sticky":false,"template":"","format":"standard","meta":{"jetpack_post_was_ever_published":false,"_jetpack_newsletter_access":"","_jetpack_dont_email_post_to_subs":false,"_jetpack_newsletter_tier_id":0,"_jetpack_memberships_contains_paywalled_content":false,"_jetpack_memberships_contains_paid_content":false,"footnotes":"","jetpack_publicize_message":"","jetpack_publicize_feature_enabled":true,"jetpack_social_post_already_shared":true,"jetpack_social_options":{"image_generator_settings":{"template":"highway","default_image_id":0,"font":"","enabled":false},"version":2}},"categories":[14],"tags":[],"class_list":["post-136719","post","type-post","status-publish","format-standard","has-post-thumbnail","hentry","category-merida"],"jetpack_publicize_connections":[],"jetpack_featured_media_url":"https:\/\/formalprision.com\/wp-content\/uploads\/2025\/12\/WhatsApp-Image-2025-12-03-at-3.41.55-PM.jpeg","jetpack_sharing_enabled":true,"jetpack_shortlink":"https:\/\/wp.me\/p6id8p-zz9","_links":{"self":[{"href":"https:\/\/formalprision.com\/index.php?rest_route=\/wp\/v2\/posts\/136719","targetHints":{"allow":["GET"]}}],"collection":[{"href":"https:\/\/formalprision.com\/index.php?rest_route=\/wp\/v2\/posts"}],"about":[{"href":"https:\/\/formalprision.com\/index.php?rest_route=\/wp\/v2\/types\/post"}],"author":[{"embeddable":true,"href":"https:\/\/formalprision.com\/index.php?rest_route=\/wp\/v2\/users\/2"}],"replies":[{"embeddable":true,"href":"https:\/\/formalprision.com\/index.php?rest_route=%2Fwp%2Fv2%2Fcomments&post=136719"}],"version-history":[{"count":3,"href":"https:\/\/formalprision.com\/index.php?rest_route=\/wp\/v2\/posts\/136719\/revisions"}],"predecessor-version":[{"id":136738,"href":"https:\/\/formalprision.com\/index.php?rest_route=\/wp\/v2\/posts\/136719\/revisions\/136738"}],"wp:featuredmedia":[{"embeddable":true,"href":"https:\/\/formalprision.com\/index.php?rest_route=\/wp\/v2\/media\/136721"}],"wp:attachment":[{"href":"https:\/\/formalprision.com\/index.php?rest_route=%2Fwp%2Fv2%2Fmedia&parent=136719"}],"wp:term":[{"taxonomy":"category","embeddable":true,"href":"https:\/\/formalprision.com\/index.php?rest_route=%2Fwp%2Fv2%2Fcategories&post=136719"},{"taxonomy":"post_tag","embeddable":true,"href":"https:\/\/formalprision.com\/index.php?rest_route=%2Fwp%2Fv2%2Ftags&post=136719"}],"curies":[{"name":"wp","href":"https:\/\/api.w.org\/{rel}","templated":true}]}}