{"id":136725,"date":"2025-12-03T20:30:46","date_gmt":"2025-12-04T01:30:46","guid":{"rendered":"https:\/\/formalprision.com\/?p=136725"},"modified":"2025-12-04T01:16:57","modified_gmt":"2025-12-04T06:16:57","slug":"despiden-de-teleyucatan-a-mario-mayin-sanchez-le-quedo-grande-el-cargo","status":"publish","type":"post","link":"https:\/\/formalprision.com\/?p=136725","title":{"rendered":"Despiden de TeleYucat\u00e1n a Mario \u00abMay\u00edn\u00bb S\u00e1nchez: le qued\u00f3 grande el cargo"},"content":{"rendered":"\n<p>M\u00c9RIDA, Yucat\u00e1n.- Tras muchas pol\u00e9micas, denuncias en su contra y garrafales errores, fue cesado el director general del Sistema Tele Yucat\u00e1n, Mario \u2018Mayin\u2019 S\u00e1nchez Cruz, nombrado el 13 de octubre de 2024 luego de detectarse una serie de irregularidades durante su gesti\u00f3n, incluso la utilizaci\u00f3n del equipo del canal para proyectos extramuros ajenos a la televisora.<\/p>\n\n\n\n<p>Al asumir el cargo dijo que su misi\u00f3n era promover la cultura maya y no c\u00f3micos como Dzereco y Nohoch, a los que corri\u00f3, pero comenz\u00f3 a llenar la programaci\u00f3n de influencers vulgares y sin gracia.<\/p>\n\n\n\n<p>Supuestamente Trecevisi\u00f3n, televisora del gobierno del estado, deber\u00eda difundir tradiciones como la vaquer\u00eda, los gremios, la jarana, el teatro regional, la trova y a verdaderos artistas yucatecos, pero con \u00abMay\u00edn\u00bb nada de esto sucedi\u00f3.<\/p>\n\n\n\n<p>En manos de S\u00e1nchez Cruz la televisi\u00f3n abierta era cada vez menos consumida por los yucatecos; a casi nadie le interesa ver esos programas producidos con dos pesos, y que no tienen nada de entretenidos.<\/p>\n\n\n\n<p>Tras el pleit\u00f3 con Dzereco y Nohoch, el gobernador declar\u00f3 que Tele Yucat\u00e1n deber\u00eda tener contenido de calidad, pero Mario S\u00e1nchez no lo entendi\u00f3.<\/p>\n\n\n\n<p>MUCHOS ROCES<\/p>\n\n\n\n<p>Fuentes internas del canal aseguran que S\u00e1nchez Cruz mantuvo constantes roces con periodistas de larga trayectoria, a quienes consideraba \u201cun mal elemento\u201d y con quienes tuvo diferencias irreconciliables que afectaron el clima laboral. Su estilo autoritario y la falta de experiencia directiva fueron se\u00f1alados repetidamente por el personal experimentado.<\/p>\n\n\n\n<p>El May\u00edn se mare\u00f3 con el poder y les carg\u00f3 el trabajo a los dem\u00e1s colaboradores, que tuvieron que soportar sus desplantes y caprichos.<\/p>\n\n\n\n<p>Durante su gesti\u00f3n de poco m\u00e1s de un a\u00f1o, el rating de Trecevisi\u00f3n tuvo una ca\u00edda pronunciada, perdiendo audiencia en horarios estelares y en programas informativos tradicionales. Los cambios en la parrilla, la cancelaci\u00f3n de espacios consolidados y la priorizaci\u00f3n de contenidos sin estrategia clara fueron algunos de los factores que contribuyeron al descenso.<\/p>\n\n\n\n<p>La gota que derram\u00f3 el vaso fueron las denuncias por acoso laboral, los despidos injustificados de trabajadores con antig\u00fcedad, adem\u00e1s del conflicto p\u00fablico con los hermanos Herrera (Dzereco y Nohoch), que deriv\u00f3 en una crisis de imagen para el canal estatal.<\/p>\n\n\n\n<p>De manera interina asumir\u00e1 la direcci\u00f3n general el contador p\u00fablico Pablo Duarte Ram\u00edrez, quien fung\u00eda director administrativo.<\/p>\n","protected":false},"excerpt":{"rendered":"<p>M\u00c9RIDA, Yucat\u00e1n.- Tras muchas pol\u00e9micas, denuncias en su contra y garrafales errores, fue cesado el director general del Sistema Tele Yucat\u00e1n, Mario \u2018Mayin\u2019 S\u00e1nchez Cruz, nombrado el 13 de octubre<\/p>\n","protected":false},"author":2,"featured_media":136727,"comment_status":"open","ping_status":"open","sticky":false,"template":"","format":"standard","meta":{"jetpack_post_was_ever_published":false,"_jetpack_newsletter_access":"","_jetpack_dont_email_post_to_subs":false,"_jetpack_newsletter_tier_id":0,"_jetpack_memberships_contains_paywalled_content":false,"_jetpack_memberships_contains_paid_content":false,"footnotes":"","jetpack_publicize_message":"","jetpack_publicize_feature_enabled":true,"jetpack_social_post_already_shared":true,"jetpack_social_options":{"image_generator_settings":{"template":"highway","default_image_id":0,"font":"","enabled":false},"version":2}},"categories":[14],"tags":[],"class_list":["post-136725","post","type-post","status-publish","format-standard","has-post-thumbnail","hentry","category-merida"],"jetpack_publicize_connections":[],"jetpack_featured_media_url":"https:\/\/formalprision.com\/wp-content\/uploads\/2025\/12\/WhatsApp-Image-2025-12-03-at-6.32.21-PM.jpeg","jetpack_sharing_enabled":true,"jetpack_shortlink":"https:\/\/wp.me\/p6id8p-zzf","_links":{"self":[{"href":"https:\/\/formalprision.com\/index.php?rest_route=\/wp\/v2\/posts\/136725","targetHints":{"allow":["GET"]}}],"collection":[{"href":"https:\/\/formalprision.com\/index.php?rest_route=\/wp\/v2\/posts"}],"about":[{"href":"https:\/\/formalprision.com\/index.php?rest_route=\/wp\/v2\/types\/post"}],"author":[{"embeddable":true,"href":"https:\/\/formalprision.com\/index.php?rest_route=\/wp\/v2\/users\/2"}],"replies":[{"embeddable":true,"href":"https:\/\/formalprision.com\/index.php?rest_route=%2Fwp%2Fv2%2Fcomments&post=136725"}],"version-history":[{"count":1,"href":"https:\/\/formalprision.com\/index.php?rest_route=\/wp\/v2\/posts\/136725\/revisions"}],"predecessor-version":[{"id":136726,"href":"https:\/\/formalprision.com\/index.php?rest_route=\/wp\/v2\/posts\/136725\/revisions\/136726"}],"wp:featuredmedia":[{"embeddable":true,"href":"https:\/\/formalprision.com\/index.php?rest_route=\/wp\/v2\/media\/136727"}],"wp:attachment":[{"href":"https:\/\/formalprision.com\/index.php?rest_route=%2Fwp%2Fv2%2Fmedia&parent=136725"}],"wp:term":[{"taxonomy":"category","embeddable":true,"href":"https:\/\/formalprision.com\/index.php?rest_route=%2Fwp%2Fv2%2Fcategories&post=136725"},{"taxonomy":"post_tag","embeddable":true,"href":"https:\/\/formalprision.com\/index.php?rest_route=%2Fwp%2Fv2%2Ftags&post=136725"}],"curies":[{"name":"wp","href":"https:\/\/api.w.org\/{rel}","templated":true}]}}