{"id":136811,"date":"2025-12-07T15:55:59","date_gmt":"2025-12-07T20:55:59","guid":{"rendered":"https:\/\/formalprision.com\/?p=136811"},"modified":"2025-12-07T19:41:11","modified_gmt":"2025-12-08T00:41:11","slug":"con-encuentro-deportivo-el-dif-merida-promueve-la-cultura-de-la-inclusion","status":"publish","type":"post","link":"https:\/\/formalprision.com\/?p=136811","title":{"rendered":"Con encuentro deportivo, el DIF M\u00e9rida promueve la cultura de la inclusi\u00f3n"},"content":{"rendered":"\n<p>M\u00c9RIDA, Yucat\u00e1n.- Como parte de las actividades de la Semana \u201cLa inclusi\u00f3n, contigo es mejor\u201d, se llev\u00f3 a cabo en las instalaciones del Centro Ocupacional y Recreativo La Ceiba un encuentro amistoso de b\u00e1squetbol en el que participaron personas con diferentes discapacidades de los equipos Gigantes de la Ceiba y Bachoqueros.<\/p>\n\n\n\n<p>La presidenta municipal Cecilia Patr\u00f3n Laviada promueve desde el Ayuntamiento espacios y programas para visibilizar las discapacidades y atender sus necesidades.<\/p>\n\n\n\n<p>Gerardo Jes\u00fas L\u00f3pez Fern\u00e1ndez, director de Desarrollo Integral de la Familia (DIF Municipal), destac\u00f3 la importancia del deporte como herramienta para impulsar la inclusi\u00f3n.&nbsp;<\/p>\n\n\n\n<p>\u201cEl deporte abre espacios de participaci\u00f3n real: fortalece habilidades, fomenta la convivencia y permite que las personas con discapacidad demuestren su talento y capacidad. Para nosotros es fundamental promover actividades que garanticen igualdad de oportunidades en todos los \u00e1mbitos\u201d, se\u00f1al\u00f3.<\/p>\n\n\n\n<p>En el evento tambi\u00e9n estuvieron presentes las subdirectoras Seraphine Weber y Mar\u00eda Eugenia Mar\u00edn, as\u00ed como el personal Dayna Mart\u00edn Ortiz y Yamileth Marcial, analistas de inclusi\u00f3n de la empresa Bachoco, quienes reconocieron la participaci\u00f3n de los equipos y entregaron reconocimientos.<\/p>\n\n\n\n<p>Posteriormente, se realiz\u00f3 una demostraci\u00f3n de deportes adaptados, como b\u00e1squetbol en silla de ruedas y lanzamiento de bala, a cargo de Gilda Cota, coordinadora de Inclusi\u00f3n de Personas con Discapacidad del DIF Municipal, as\u00ed como un juego de bocha dirigido por alumnos de Jorge P\u00e9rez, director de Special Olympics.<\/p>\n\n\n\n<p>Mayores informes sobre los apoyos y servicios en la calle 66 entre 57 y 59, Colonia Centro, al tel\u00e9fono (999) 928 04 56 o en la p\u00e1gina merida.gob.mx\/dif<\/p>\n","protected":false},"excerpt":{"rendered":"<p>M\u00c9RIDA, Yucat\u00e1n.- Como parte de las actividades de la Semana \u201cLa inclusi\u00f3n, contigo es mejor\u201d, se llev\u00f3 a cabo en las instalaciones del Centro Ocupacional y Recreativo La Ceiba un<\/p>\n","protected":false},"author":2,"featured_media":136813,"comment_status":"open","ping_status":"open","sticky":false,"template":"","format":"standard","meta":{"jetpack_post_was_ever_published":false,"_jetpack_newsletter_access":"","_jetpack_dont_email_post_to_subs":false,"_jetpack_newsletter_tier_id":0,"_jetpack_memberships_contains_paywalled_content":false,"_jetpack_memberships_contains_paid_content":false,"footnotes":"","jetpack_publicize_message":"","jetpack_publicize_feature_enabled":true,"jetpack_social_post_already_shared":true,"jetpack_social_options":{"image_generator_settings":{"template":"highway","default_image_id":0,"font":"","enabled":false},"version":2}},"categories":[54],"tags":[],"class_list":["post-136811","post","type-post","status-publish","format-standard","has-post-thumbnail","hentry","category-yucatan"],"jetpack_publicize_connections":[],"jetpack_featured_media_url":"https:\/\/formalprision.com\/wp-content\/uploads\/2025\/12\/WhatsApp-Image-2025-12-07-at-2.06.43-PM.jpeg","jetpack_sharing_enabled":true,"jetpack_shortlink":"https:\/\/wp.me\/p6id8p-zAD","_links":{"self":[{"href":"https:\/\/formalprision.com\/index.php?rest_route=\/wp\/v2\/posts\/136811","targetHints":{"allow":["GET"]}}],"collection":[{"href":"https:\/\/formalprision.com\/index.php?rest_route=\/wp\/v2\/posts"}],"about":[{"href":"https:\/\/formalprision.com\/index.php?rest_route=\/wp\/v2\/types\/post"}],"author":[{"embeddable":true,"href":"https:\/\/formalprision.com\/index.php?rest_route=\/wp\/v2\/users\/2"}],"replies":[{"embeddable":true,"href":"https:\/\/formalprision.com\/index.php?rest_route=%2Fwp%2Fv2%2Fcomments&post=136811"}],"version-history":[{"count":2,"href":"https:\/\/formalprision.com\/index.php?rest_route=\/wp\/v2\/posts\/136811\/revisions"}],"predecessor-version":[{"id":136814,"href":"https:\/\/formalprision.com\/index.php?rest_route=\/wp\/v2\/posts\/136811\/revisions\/136814"}],"wp:featuredmedia":[{"embeddable":true,"href":"https:\/\/formalprision.com\/index.php?rest_route=\/wp\/v2\/media\/136813"}],"wp:attachment":[{"href":"https:\/\/formalprision.com\/index.php?rest_route=%2Fwp%2Fv2%2Fmedia&parent=136811"}],"wp:term":[{"taxonomy":"category","embeddable":true,"href":"https:\/\/formalprision.com\/index.php?rest_route=%2Fwp%2Fv2%2Fcategories&post=136811"},{"taxonomy":"post_tag","embeddable":true,"href":"https:\/\/formalprision.com\/index.php?rest_route=%2Fwp%2Fv2%2Ftags&post=136811"}],"curies":[{"name":"wp","href":"https:\/\/api.w.org\/{rel}","templated":true}]}}