{"id":136825,"date":"2025-12-07T21:44:44","date_gmt":"2025-12-08T02:44:44","guid":{"rendered":"https:\/\/formalprision.com\/?p=136825"},"modified":"2025-12-09T04:45:03","modified_gmt":"2025-12-09T09:45:03","slug":"cecilia-patron-inaugura-la-pista-de-patinaje-gratuita-en-paseo-de-montejo","status":"publish","type":"post","link":"https:\/\/formalprision.com\/?p=136825","title":{"rendered":"Cecilia Patr\u00f3n inaugura la pista de patinaje \u201cMagia sobre Hielo\u201d en Paseo de Montejo"},"content":{"rendered":"\n<p>M\u00c9RIDA, Yucat\u00e1n.- El esp\u00edritu navide\u00f1o sigue cubriendo M\u00e9rida y ahora lleg\u00f3 a Paseo de Montejo con la inauguraci\u00f3n de la pista de patinaje \u201cMagia sobre Hielo\u201d, que encabez\u00f3 la presidenta municipal Cecilia Patr\u00f3n Laviada acompa\u00f1ada de cientos de familias.<\/p>\n\n\n\n<p>\u201cEsta Navidad innovamos con actividades especiales para divertirnos en familia, como la pista de hielo que es un regalo con mucho cari\u00f1o de su Ayuntamiento, totalmente gratuita para todos\u201d, destac\u00f3.<\/p>\n\n\n\n<p>La edil se\u00f1al\u00f3 que esta atracci\u00f3n se instal\u00f3 en un punto accesible de la ciudad para promover la convivencia y la justicia social. As\u00ed que Paseo de Montejo ser\u00e1 el espacio emblem\u00e1tico ideal para recibir esta magia y que todas las familias puedan disfrutar, recorrer la avenida, apoyar al comercio local, comprar una marquesita o visitar el gran \u00e1rbol navide\u00f1o en El Remate.<\/p>\n\n\n\n<p>La pista, ubicada a la altura de la glorieta de Justo Sierra, mide 25 por 10 metros y cuenta con un impresionante tobog\u00e1n de 4 metros de alto y 20 metros de largo, convirti\u00e9ndose en uno de los puntos m\u00e1s atractivos del programa navide\u00f1o municipal.<\/p>\n\n\n\n<p>Permanecer\u00e1 abierta del 7 de diciembre de 2025 al 7 de enero de 2026, en horarios dise\u00f1ados para que ni\u00f1as, ni\u00f1os, j\u00f3venes y adultos disfruten de esta actividad de manera segura.<\/p>\n\n\n\n<p>Como parte de la apertura, los asistentes tambi\u00e9n disfrutaron del espect\u00e1culo de Morita, as\u00ed como el Mercadito Navide\u00f1o que permanecer\u00e1 activo como complemento de esta experiencia para fortalecer la convivencia familiar y apoyar a emprendedores locales.<\/p>\n\n\n\n<p>La pista ofrecer\u00e1 acceso gratuito al p\u00fablico general con cupo limitado de 500 personas por d\u00eda y hasta 900 en fin de semana. Los boletos se entregar\u00e1n directamente en la entrada desde el inicio de actividades y hasta agotar el cupo.<\/p>\n\n\n\n<p>El director de Desarrollo Social y Combate a la Pobreza, Arturo Le\u00f3n Itz\u00e1, inform\u00f3 la atracci\u00f3n estar\u00e1 disponible de lunes a viernes, de 4:00 p.m. a 9:00 p.m., mientras que los fines de semana abrir\u00e1 en dos bloques: de 11:00 a.m. a 3:00 p.m. y de 4:00 p.m. a 9:00 p.m.<\/p>\n\n\n\n<p>\u201cVamos a disfrutar con precauci\u00f3n, respeto y alegr\u00eda. Lo importante es que cada familia viva esta temporada de uni\u00f3n y magia con espacios seguros y pensados para todos\u201d, se\u00f1al\u00f3 Le\u00f3n Itz\u00e1.<\/p>\n\n\n\n<p>Agreg\u00f3 que para los d\u00edas especiales de temporada, el 24 y 31 de diciembre funcionar\u00e1 de 9:00 a.m. a 12:00 p.m., mientras que el 25 de diciembre y el 1 de enero permanecer\u00e1 cerrada.<\/p>\n\n\n\n<p>Ni\u00f1os y ni\u00f1as podr\u00e1n ingresar a partir de los 8 a\u00f1os, y los menores de 10 deber\u00e1n estar acompa\u00f1ados por un adulto. Los patines se proporcionan en el lugar de manera gratuita, pero se solicita a los asistentes traer calcetines, pues su uso ser\u00e1 obligatorio para que puedan acceder a la pista de patinaje.<\/p>\n\n\n\n<p>Adem\u00e1s, se habilitar\u00e1n horarios especiales para escuelas y asociaciones civiles, quienes podr\u00e1n solicitar acceso por grupos de 45 personas en recorridos de 30 minutos, a trav\u00e9s de la ventanilla de Desarrollo Social y Combate a la Pobreza. Esta medida busca acercar la experiencia a ni\u00f1as, ni\u00f1os y j\u00f3venes de todas las zonas del municipio.<\/p>\n\n\n\n<p>La pista \u201cMagia sobre Hielo\u201d forma parte del Festival Navide\u00f1o \u201cM\u00e9rida Brilla\u201d, que este a\u00f1o ofrece m\u00e1s de una decena de actividades gratuitas como video mappings, caravanas navide\u00f1as, rutas ciclistas nocturnas, bazares, y el nuevo espect\u00e1culo inmersivo \u201cSenderos de Magia y Luz\u201d.<\/p>\n\n\n\n<p>Con estas acciones, el Ayuntamiento reafirma su compromiso de llevar alegr\u00eda, cultura y oportunidades de encuentro a cada rinc\u00f3n de la capital yucateca.<\/p>\n\n\n\n<p>Acompa\u00f1aron a la alcaldesa la diputada federal Isabel Rodr\u00edguez Heredia, los coordinadores generales Flora Zapata Mendiola, de Justicia Social y Desarrollo Humano, y Carlos Vi\u00f1as Heredia, de Desarrollo Ordenado y Gesti\u00f3n de la Ciudad, y el director Luis Jorge Montalvo Duarte, de Servicios P\u00fablicos.<\/p>\n\n\n\n<p>Para consultar m\u00e1s informaci\u00f3n y detalle de esta y otras atracciones pueden consultar las redes sociales oficiales del Ayuntamiento de M\u00e9rida o ingresar a la p\u00e1gina web merida.gob.mx\/meridabrilla.<\/p>\n","protected":false},"excerpt":{"rendered":"<p>M\u00c9RIDA, Yucat\u00e1n.- El esp\u00edritu navide\u00f1o sigue cubriendo M\u00e9rida y ahora lleg\u00f3 a Paseo de Montejo con la inauguraci\u00f3n de la pista de patinaje \u201cMagia sobre Hielo\u201d, que encabez\u00f3 la presidenta<\/p>\n","protected":false},"author":2,"featured_media":136828,"comment_status":"open","ping_status":"open","sticky":false,"template":"","format":"standard","meta":{"jetpack_post_was_ever_published":false,"_jetpack_newsletter_access":"","_jetpack_dont_email_post_to_subs":false,"_jetpack_newsletter_tier_id":0,"_jetpack_memberships_contains_paywalled_content":false,"_jetpack_memberships_contains_paid_content":false,"footnotes":"","jetpack_publicize_message":"","jetpack_publicize_feature_enabled":true,"jetpack_social_post_already_shared":true,"jetpack_social_options":{"image_generator_settings":{"template":"highway","default_image_id":0,"font":"","enabled":false},"version":2}},"categories":[14],"tags":[],"class_list":["post-136825","post","type-post","status-publish","format-standard","has-post-thumbnail","hentry","category-merida"],"jetpack_publicize_connections":[],"jetpack_featured_media_url":"https:\/\/formalprision.com\/wp-content\/uploads\/2025\/12\/WhatsApp-Image-2025-12-07-at-8.22.22-PM.jpeg","jetpack_sharing_enabled":true,"jetpack_shortlink":"https:\/\/wp.me\/p6id8p-zAR","_links":{"self":[{"href":"https:\/\/formalprision.com\/index.php?rest_route=\/wp\/v2\/posts\/136825","targetHints":{"allow":["GET"]}}],"collection":[{"href":"https:\/\/formalprision.com\/index.php?rest_route=\/wp\/v2\/posts"}],"about":[{"href":"https:\/\/formalprision.com\/index.php?rest_route=\/wp\/v2\/types\/post"}],"author":[{"embeddable":true,"href":"https:\/\/formalprision.com\/index.php?rest_route=\/wp\/v2\/users\/2"}],"replies":[{"embeddable":true,"href":"https:\/\/formalprision.com\/index.php?rest_route=%2Fwp%2Fv2%2Fcomments&post=136825"}],"version-history":[{"count":2,"href":"https:\/\/formalprision.com\/index.php?rest_route=\/wp\/v2\/posts\/136825\/revisions"}],"predecessor-version":[{"id":136829,"href":"https:\/\/formalprision.com\/index.php?rest_route=\/wp\/v2\/posts\/136825\/revisions\/136829"}],"wp:featuredmedia":[{"embeddable":true,"href":"https:\/\/formalprision.com\/index.php?rest_route=\/wp\/v2\/media\/136828"}],"wp:attachment":[{"href":"https:\/\/formalprision.com\/index.php?rest_route=%2Fwp%2Fv2%2Fmedia&parent=136825"}],"wp:term":[{"taxonomy":"category","embeddable":true,"href":"https:\/\/formalprision.com\/index.php?rest_route=%2Fwp%2Fv2%2Fcategories&post=136825"},{"taxonomy":"post_tag","embeddable":true,"href":"https:\/\/formalprision.com\/index.php?rest_route=%2Fwp%2Fv2%2Ftags&post=136825"}],"curies":[{"name":"wp","href":"https:\/\/api.w.org\/{rel}","templated":true}]}}