{"id":136843,"date":"2025-12-08T23:13:30","date_gmt":"2025-12-09T04:13:30","guid":{"rendered":"https:\/\/formalprision.com\/?p=136843"},"modified":"2025-12-10T09:25:59","modified_gmt":"2025-12-10T14:25:59","slug":"tabasqueno-se-pierde-en-cdmx-tras-asistir-al-mitin-de-claudia-sheinbaum","status":"publish","type":"post","link":"https:\/\/formalprision.com\/?p=136843","title":{"rendered":"Tabasque\u00f1o se pierde en CDMX tras asistir al mitin de Claudia Sheinbaum"},"content":{"rendered":"\n<p>La familia de Don Atilano P\u00e9rez P\u00e9rez pide apoyo de la ciudadan\u00eda para localizarlo, luego de que fuera reportado como desaparecido tras asistir acarreado al mitin Claudia Sheinbau en la Ciudad de M\u00e9xico.<\/p>\n\n\n\n<p>De acuerdo con sus familiares, despu\u00e9s del evento perdieron contacto con \u00e9l y hasta el momento no saben nada de su paradero. Don Atilano, originario de Jonuta, Tabasco, viaj\u00f3 a la capital para participar en el acarreo al mitin.<\/p>\n\n\n\n<p>La familia insiste en la importancia de difundir la informaci\u00f3n y pide a quienes puedan aportar alg\u00fan dato que ayude a encontrarlo que lo reporten de inmediato.<\/p>\n","protected":false},"excerpt":{"rendered":"<p>La familia de Don Atilano P\u00e9rez P\u00e9rez pide apoyo de la ciudadan\u00eda para localizarlo, luego de que fuera reportado como desaparecido tras asistir acarreado al mitin Claudia Sheinbau en la<\/p>\n","protected":false},"author":2,"featured_media":136845,"comment_status":"open","ping_status":"open","sticky":false,"template":"","format":"standard","meta":{"jetpack_post_was_ever_published":false,"_jetpack_newsletter_access":"","_jetpack_dont_email_post_to_subs":false,"_jetpack_newsletter_tier_id":0,"_jetpack_memberships_contains_paywalled_content":false,"_jetpack_memberships_contains_paid_content":false,"footnotes":"","jetpack_publicize_message":"","jetpack_publicize_feature_enabled":true,"jetpack_social_post_already_shared":true,"jetpack_social_options":{"image_generator_settings":{"template":"highway","default_image_id":0,"font":"","enabled":false},"version":2}},"categories":[23,21],"tags":[],"class_list":["post-136843","post","type-post","status-publish","format-standard","has-post-thumbnail","hentry","category-del-mundo","category-nacionales"],"jetpack_publicize_connections":[],"jetpack_featured_media_url":"https:\/\/formalprision.com\/wp-content\/uploads\/2025\/12\/abas.jpg","jetpack_sharing_enabled":true,"jetpack_shortlink":"https:\/\/wp.me\/p6id8p-zB9","_links":{"self":[{"href":"https:\/\/formalprision.com\/index.php?rest_route=\/wp\/v2\/posts\/136843","targetHints":{"allow":["GET"]}}],"collection":[{"href":"https:\/\/formalprision.com\/index.php?rest_route=\/wp\/v2\/posts"}],"about":[{"href":"https:\/\/formalprision.com\/index.php?rest_route=\/wp\/v2\/types\/post"}],"author":[{"embeddable":true,"href":"https:\/\/formalprision.com\/index.php?rest_route=\/wp\/v2\/users\/2"}],"replies":[{"embeddable":true,"href":"https:\/\/formalprision.com\/index.php?rest_route=%2Fwp%2Fv2%2Fcomments&post=136843"}],"version-history":[{"count":1,"href":"https:\/\/formalprision.com\/index.php?rest_route=\/wp\/v2\/posts\/136843\/revisions"}],"predecessor-version":[{"id":136844,"href":"https:\/\/formalprision.com\/index.php?rest_route=\/wp\/v2\/posts\/136843\/revisions\/136844"}],"wp:featuredmedia":[{"embeddable":true,"href":"https:\/\/formalprision.com\/index.php?rest_route=\/wp\/v2\/media\/136845"}],"wp:attachment":[{"href":"https:\/\/formalprision.com\/index.php?rest_route=%2Fwp%2Fv2%2Fmedia&parent=136843"}],"wp:term":[{"taxonomy":"category","embeddable":true,"href":"https:\/\/formalprision.com\/index.php?rest_route=%2Fwp%2Fv2%2Fcategories&post=136843"},{"taxonomy":"post_tag","embeddable":true,"href":"https:\/\/formalprision.com\/index.php?rest_route=%2Fwp%2Fv2%2Ftags&post=136843"}],"curies":[{"name":"wp","href":"https:\/\/api.w.org\/{rel}","templated":true}]}}