{"id":136852,"date":"2025-12-09T07:35:23","date_gmt":"2025-12-09T12:35:23","guid":{"rendered":"https:\/\/formalprision.com\/?p=136852"},"modified":"2025-12-09T07:35:23","modified_gmt":"2025-12-09T12:35:23","slug":"por-no-dar-su-tanda-lo-matan-a-golpes-en-la-corrida-de-izamal","status":"publish","type":"post","link":"https:\/\/formalprision.com\/?p=136852","title":{"rendered":"Por no dar su tanda, lo matan a golpes en la corrida de Izamal"},"content":{"rendered":"\n<p>IZAMAL, Yucat\u00e1n.- Una ri\u00f1a durante la corrida en honor a la Virgen de Izamal dej\u00f3 anoche como saldo un hombre fallecido, originario de Cacalch\u00e9n y quien fue a Izamal a festejar su cumplea\u00f1os y ver a sus hijos, pero antes de retornar a su municipio pas\u00f3 a la corrida, donde lo mataron.<\/p>\n\n\n\n<p>De acuerdo con los primeros reportes, un hombre en estado de ebriedad lo golpe\u00f3 en la cabeza, provocando que cayera al suelo y falleciera de manera instant\u00e1nea.<\/p>\n\n\n\n<p>El ahora occiso fue identificado como Joel Uh Huchim. Seg\u00fan relat\u00f3 su sobrina, Eunice Maga\u00f1a, Joel viaj\u00f3 a Izamal con la intenci\u00f3n de festejar su cumplea\u00f1os y ver a sus hijos. M\u00e1s tarde, al disponerse a regresar a Cacalch\u00e9n, ya no encontr\u00f3 transporte disponible, por lo que llam\u00f3 a su hermano, Job Lamberto Uh Huchim, quien acudi\u00f3 en motocicleta para recogerlo.<\/p>\n\n\n\n<p>Mientras esperaba, Joel pas\u00f3 a la feria para despedirse de sus hijos. En ese momento lleg\u00f3 su hermano y, cuando ambos se retiraban, Job se encontr\u00f3 con un hombre identificado como \u201cCollino\u201d, mec\u00e1nico conocido en Izamal. El sujeto le pidi\u00f3 una \u201ctanda\u201d, pero al recibir una negativa, se molest\u00f3 y, tras una discusi\u00f3n, golpe\u00f3 a Joel Uh Huchim, quien cay\u00f3 al suelo y qued\u00f3 sin signos vitales.<\/p>\n\n\n\n<p>Eunice Maga\u00f1a tambi\u00e9n confirm\u00f3 que Joel se dedicaba a la venta de panuchos y que, incluso, al d\u00eda siguiente planeaba participar en una carrera en honor a la Virgen de Guadalupe, tradici\u00f3n que realizaba con devoci\u00f3n.<\/p>\n\n\n\n<p>Tras el ataque, el presunto agresor huy\u00f3 del sitio, mientras la gente alertaban a las autoridades. Elementos de la Direcci\u00f3n de Seguridad P\u00fablica y param\u00e9dicos llegaron al lugar, pero \u00fanicamente confirmaron el fallecimiento.<\/p>\n\n\n\n<p>La zona fue acordonada en espera del personal de la Fiscal\u00eda General del Estado y del Servicio M\u00e9dico Forense.<\/p>\n","protected":false},"excerpt":{"rendered":"<p>IZAMAL, Yucat\u00e1n.- Una ri\u00f1a durante la corrida en honor a la Virgen de Izamal dej\u00f3 anoche como saldo un hombre fallecido, originario de Cacalch\u00e9n y quien fue a Izamal a<\/p>\n","protected":false},"author":2,"featured_media":136854,"comment_status":"open","ping_status":"open","sticky":false,"template":"","format":"standard","meta":{"jetpack_post_was_ever_published":false,"_jetpack_newsletter_access":"","_jetpack_dont_email_post_to_subs":false,"_jetpack_newsletter_tier_id":0,"_jetpack_memberships_contains_paywalled_content":false,"_jetpack_memberships_contains_paid_content":false,"footnotes":"","jetpack_publicize_message":"","jetpack_publicize_feature_enabled":true,"jetpack_social_post_already_shared":true,"jetpack_social_options":{"image_generator_settings":{"template":"highway","default_image_id":0,"font":"","enabled":false},"version":2}},"categories":[54],"tags":[],"class_list":["post-136852","post","type-post","status-publish","format-standard","has-post-thumbnail","hentry","category-yucatan"],"jetpack_publicize_connections":[],"jetpack_featured_media_url":"https:\/\/formalprision.com\/wp-content\/uploads\/2025\/12\/iza-1.jpg","jetpack_sharing_enabled":true,"jetpack_shortlink":"https:\/\/wp.me\/p6id8p-zBi","_links":{"self":[{"href":"https:\/\/formalprision.com\/index.php?rest_route=\/wp\/v2\/posts\/136852","targetHints":{"allow":["GET"]}}],"collection":[{"href":"https:\/\/formalprision.com\/index.php?rest_route=\/wp\/v2\/posts"}],"about":[{"href":"https:\/\/formalprision.com\/index.php?rest_route=\/wp\/v2\/types\/post"}],"author":[{"embeddable":true,"href":"https:\/\/formalprision.com\/index.php?rest_route=\/wp\/v2\/users\/2"}],"replies":[{"embeddable":true,"href":"https:\/\/formalprision.com\/index.php?rest_route=%2Fwp%2Fv2%2Fcomments&post=136852"}],"version-history":[{"count":1,"href":"https:\/\/formalprision.com\/index.php?rest_route=\/wp\/v2\/posts\/136852\/revisions"}],"predecessor-version":[{"id":136853,"href":"https:\/\/formalprision.com\/index.php?rest_route=\/wp\/v2\/posts\/136852\/revisions\/136853"}],"wp:featuredmedia":[{"embeddable":true,"href":"https:\/\/formalprision.com\/index.php?rest_route=\/wp\/v2\/media\/136854"}],"wp:attachment":[{"href":"https:\/\/formalprision.com\/index.php?rest_route=%2Fwp%2Fv2%2Fmedia&parent=136852"}],"wp:term":[{"taxonomy":"category","embeddable":true,"href":"https:\/\/formalprision.com\/index.php?rest_route=%2Fwp%2Fv2%2Fcategories&post=136852"},{"taxonomy":"post_tag","embeddable":true,"href":"https:\/\/formalprision.com\/index.php?rest_route=%2Fwp%2Fv2%2Ftags&post=136852"}],"curies":[{"name":"wp","href":"https:\/\/api.w.org\/{rel}","templated":true}]}}